{"id":111837,"date":"2021-02-23T10:00:03","date_gmt":"2021-02-23T15:00:03","guid":{"rendered":"https:\/\/linitiative.ca\/International\/lusage-legal-du-cannabis-au-menu-du-conseil-de-gouvernement\/"},"modified":"2021-02-23T10:00:03","modified_gmt":"2021-02-23T15:00:03","slug":"lusage-legal-du-cannabis-au-menu-du-conseil-de-gouvernement","status":"publish","type":"post","link":"https:\/\/linitiative.ca\/International\/lusage-legal-du-cannabis-au-menu-du-conseil-de-gouvernement\/","title":{"rendered":"L\u2019usage l\u00e9gal du cannabis au menu du Conseil de gouvernement"},"content":{"rendered":"<header>\n<\/header>\n<div class=\"entry-content clearfix\" readability=\"46\">\n<figure class=\"post-thumbnail\" itemprop=\"associatedMedia\" itemscope=\"itemscope\" itemtype=\"http:\/\/schema.org\/ImageObject\"><img decoding=\"async\" class=\"post_layout_5_img\" src=\"http:\/\/aujourdhui.ma\/wp-content\/uploads\/2020\/10\/conseil-de-gouvernement.jpg\" alt=\"L\u2019usage l\u00e9gal du cannabis au menu du Conseil de gouvernement\"\/><\/figure>\n<p><span class=\"c5\"><strong>Un Conseil de gouvernement qui se r\u00e9unira le jeudi 25 f\u00e9vrier examinera un projet de loi portant usage l\u00e9gal du cannabis.<\/strong><\/span><\/p>\n<p>Le Conseil examinera, par la suite, trois projets de d\u00e9cret portant application du d\u00e9cret-loi relatif \u00e0 la promulgation de mesures exceptionnelles au profit de certains employeurs affili\u00e9s \u00e0 la Caisse nationale de s\u00e9curit\u00e9 sociale (CNSS) et de leurs employ\u00e9s d\u00e9clar\u00e9s, ainsi que certaines cat\u00e9gories de travailleurs ind\u00e9pendants et de personnes non salari\u00e9es assur\u00e9es aupr\u00e8s de la CNSS touch\u00e9es par les r\u00e9percussions de la propagation de la pand\u00e9mie du coronavirus (Covid-19), concernant les sous-secteurs relatifs aux salles de sport priv\u00e9es, aux cr\u00e8ches priv\u00e9es et aux industries culturelles et cr\u00e9atives.<\/p>\n<p>Le Conseil ach\u00e8vera ses travaux par l\u2019examen de propositions de nomination \u00e0 de hautes fonctions conform\u00e9ment aux dispositions de l\u2019article 92 de la Constitution.<\/p>\n<\/div>\n<p>Auteur: ALM<br \/>\n<a href=\"https:\/\/aujourdhui.ma\/actualite\/lusage-legal-du-cannabis-au-menu-du-conseil-de-gouvernement\">Cliquez ici pour lire l&rsquo;article depuis sa source.<\/a><\/p>\n","protected":false},"excerpt":{"rendered":"<p>Un Conseil de gouvernement qui se r\u00e9unira le jeudi 25 f\u00e9vrier examinera un projet de loi portant usage l\u00e9gal du cannabis. Le Conseil examinera, par la suite, trois projets de d\u00e9cret portant application du d\u00e9cret-loi relatif \u00e0 la promulgation de mesures exceptionnelles au profit de certains employeurs affili\u00e9s \u00e0 la Caisse nationale de s\u00e9curit\u00e9 sociale [&hellip;]<\/p>\n","protected":false},"author":1759,"featured_media":0,"comment_status":"closed","ping_status":"closed","sticky":false,"template":"","format":"standard","meta":{"fifu_image_url":"http:\/\/aujourdhui.ma\/wp-content\/uploads\/2020\/10\/conseil-de-gouvernement.jpg","fifu_image_alt":"L\u2019usage l\u00e9gal du cannabis au menu du Conseil de gouvernement","footnotes":""},"categories":[73,54],"tags":[],"class_list":["post-111837","post","type-post","status-publish","format-standard","hentry","category-actualite","category-maroc"],"_links":{"self":[{"href":"https:\/\/linitiative.ca\/International\/wp-json\/wp\/v2\/posts\/111837","targetHints":{"allow":["GET"]}}],"collection":[{"href":"https:\/\/linitiative.ca\/International\/wp-json\/wp\/v2\/posts"}],"about":[{"href":"https:\/\/linitiative.ca\/International\/wp-json\/wp\/v2\/types\/post"}],"author":[{"embeddable":true,"href":"https:\/\/linitiative.ca\/International\/wp-json\/wp\/v2\/users\/1759"}],"replies":[{"embeddable":true,"href":"https:\/\/linitiative.ca\/International\/wp-json\/wp\/v2\/comments?post=111837"}],"version-history":[{"count":0,"href":"https:\/\/linitiative.ca\/International\/wp-json\/wp\/v2\/posts\/111837\/revisions"}],"wp:attachment":[{"href":"https:\/\/linitiative.ca\/International\/wp-json\/wp\/v2\/media?parent=111837"}],"wp:term":[{"taxonomy":"category","embeddable":true,"href":"https:\/\/linitiative.ca\/International\/wp-json\/wp\/v2\/categories?post=111837"},{"taxonomy":"post_tag","embeddable":true,"href":"https:\/\/linitiative.ca\/International\/wp-json\/wp\/v2\/tags?post=111837"}],"curies":[{"name":"wp","href":"https:\/\/api.w.org\/{rel}","templated":true}]}}