{"id":111838,"date":"2021-02-23T10:07:05","date_gmt":"2021-02-23T15:07:05","guid":{"rendered":"https:\/\/linitiative.ca\/International\/lqliaa-un-quinquagenaire-viole-sa-voisine-mineure\/"},"modified":"2021-02-23T10:07:05","modified_gmt":"2021-02-23T15:07:05","slug":"lqliaa-un-quinquagenaire-viole-sa-voisine-mineure","status":"publish","type":"post","link":"https:\/\/linitiative.ca\/International\/lqliaa-un-quinquagenaire-viole-sa-voisine-mineure\/","title":{"rendered":"Lqli\u00e2a : Un quinquag\u00e9naire viole  sa voisine mineure"},"content":{"rendered":"<header>\n<\/header>\n<div class=\"entry-content clearfix\" readability=\"51\">\n<figure class=\"post-thumbnail\" itemprop=\"associatedMedia\" itemscope=\"itemscope\" itemtype=\"http:\/\/schema.org\/ImageObject\"><img decoding=\"async\" class=\"post_layout_5_img\" src=\"http:\/\/aujourdhui.ma\/wp-content\/uploads\/2021\/02\/Lqliaa-Un-quinquagenaire-viole-sa-voisine-mineure.jpg\" alt=\"Lqli\u00e2a : Un quinquag\u00e9naire viole sa voisine mineure\"\/><\/figure>\n<p><span class=\"c5\"><strong>Au quartier Sidi Daoud, \u00e0 Lqli\u00e2a relevant de la pr\u00e9fecture d\u2019Inzegane-A\u00eft Melloul, un quinquag\u00e9naire, p\u00e8re de famille, a \u00e9t\u00e9 arr\u00eat\u00e9 et traduit, derni\u00e8rement, devant le parquet g\u00e9n\u00e9ral pr\u00e8s la Cour d\u2019appel d\u2019Agadir et ce, pour avoir abus\u00e9 sexuellement de la fille des voisins, une mineure de onze ans.<\/strong><\/span><span id=\"more-369084\"\/><\/p>\n<p>Celle-ci \u00e9tait en route vers son \u00e9tablissement scolaire quand il l\u2019a crois\u00e9e. Il lui a demand\u00e9 de l\u2019accompagner chez lui afin de lui faire une course. Croyant \u00e0 ses paroles -ce n\u2019\u00e9tait pas la premi\u00e8re fois qu\u2019il lui demandait cela- elle a suivi ses pas pour rentrer chez lui et se retrouver, enfin, devant un monstre qui l\u2019a d\u00e9nud\u00e9e pour la violer. Ayant entendu les cris de la mineure, un voisin a alert\u00e9 les parents de la fille ainsi que les gendarmes qui se sont d\u00e9p\u00each\u00e9s sur les lieux pour arr\u00eater le mis en cause.<\/p>\n<\/div>\n<p>Auteur: ALM<br \/>\n<a href=\"https:\/\/aujourdhui.ma\/faits-divers\/lqliaa-un-quinquagenaire-viole-sa-voisine-mineure\">Cliquez ici pour lire l&rsquo;article depuis sa source.<\/a><\/p>\n","protected":false},"excerpt":{"rendered":"<p>Au quartier Sidi Daoud, \u00e0 Lqli\u00e2a relevant de la pr\u00e9fecture d\u2019Inzegane-A\u00eft Melloul, un quinquag\u00e9naire, p\u00e8re de famille, a \u00e9t\u00e9 arr\u00eat\u00e9 et traduit, derni\u00e8rement, devant le parquet g\u00e9n\u00e9ral pr\u00e8s la Cour d\u2019appel d\u2019Agadir et ce, pour avoir abus\u00e9 sexuellement de la fille des voisins, une mineure de onze ans. Celle-ci \u00e9tait en route vers son \u00e9tablissement [&hellip;]<\/p>\n","protected":false},"author":1759,"featured_media":0,"comment_status":"closed","ping_status":"closed","sticky":false,"template":"","format":"standard","meta":{"fifu_image_url":"http:\/\/aujourdhui.ma\/wp-content\/uploads\/2021\/02\/Lqliaa-Un-quinquagenaire-viole-sa-voisine-mineure.jpg","fifu_image_alt":"Lqli\u00e2a : Un quinquag\u00e9naire viole  sa voisine mineure","footnotes":""},"categories":[73,54],"tags":[],"class_list":["post-111838","post","type-post","status-publish","format-standard","hentry","category-actualite","category-maroc"],"_links":{"self":[{"href":"https:\/\/linitiative.ca\/International\/wp-json\/wp\/v2\/posts\/111838","targetHints":{"allow":["GET"]}}],"collection":[{"href":"https:\/\/linitiative.ca\/International\/wp-json\/wp\/v2\/posts"}],"about":[{"href":"https:\/\/linitiative.ca\/International\/wp-json\/wp\/v2\/types\/post"}],"author":[{"embeddable":true,"href":"https:\/\/linitiative.ca\/International\/wp-json\/wp\/v2\/users\/1759"}],"replies":[{"embeddable":true,"href":"https:\/\/linitiative.ca\/International\/wp-json\/wp\/v2\/comments?post=111838"}],"version-history":[{"count":0,"href":"https:\/\/linitiative.ca\/International\/wp-json\/wp\/v2\/posts\/111838\/revisions"}],"wp:attachment":[{"href":"https:\/\/linitiative.ca\/International\/wp-json\/wp\/v2\/media?parent=111838"}],"wp:term":[{"taxonomy":"category","embeddable":true,"href":"https:\/\/linitiative.ca\/International\/wp-json\/wp\/v2\/categories?post=111838"},{"taxonomy":"post_tag","embeddable":true,"href":"https:\/\/linitiative.ca\/International\/wp-json\/wp\/v2\/tags?post=111838"}],"curies":[{"name":"wp","href":"https:\/\/api.w.org\/{rel}","templated":true}]}}