{"id":111841,"date":"2021-02-23T11:36:30","date_gmt":"2021-02-23T16:36:30","guid":{"rendered":"https:\/\/linitiative.ca\/International\/elections-laftit-presente-les-textes-legislatifs-devant-les-deputes\/"},"modified":"2021-02-23T11:36:30","modified_gmt":"2021-02-23T16:36:30","slug":"elections-laftit-presente-les-textes-legislatifs-devant-les-deputes","status":"publish","type":"post","link":"https:\/\/linitiative.ca\/International\/elections-laftit-presente-les-textes-legislatifs-devant-les-deputes\/","title":{"rendered":"Elections: Laftit pr\u00e9sente les textes l\u00e9gislatifs devant les d\u00e9put\u00e9s"},"content":{"rendered":"<figure class=\"post-thumbnail\" itemprop=\"associatedMedia\" itemscope=\"itemscope\" itemtype=\"http:\/\/schema.org\/ImageObject\"><img decoding=\"async\" class=\"post_layout_5_img\" src=\"http:\/\/aujourdhui.ma\/wp-content\/uploads\/2020\/07\/Laftit.jpg\" alt=\"Elections: Laftit pr\u00e9sente les textes l\u00e9gislatifs devant les d\u00e9put\u00e9s\"\/><\/figure>\n<p><strong>Les projets de textes l\u00e9gislatifs r\u00e9gissant le syst\u00e8me \u00e9lectoral visent \u00e0 d\u00e9velopper ce dernier et \u00e0 promouvoir sa cr\u00e9dibilit\u00e9, a indiqu\u00e9 mardi \u00e0 Rabat, le ministre de l\u2019Int\u00e9rieur Abdelouafi Laftit.<\/strong><\/p>\n<p>Pr\u00e9sentant ces textes l\u00e9gislatifs devant la commission de l\u2019int\u00e9rieur, des collectivit\u00e9s territoriales, de l\u2019habitat et de la politique de la ville \u00e0 la Chambre des repr\u00e9sentants, M. Laftit a relev\u00e9 que ces textes visent \u00e0 enrichir le dispositif actuel en terme de garanties et \u00e0 accompagner les mutations et la dynamique croissante que connait la soci\u00e9t\u00e9 marocaine.<\/p>\n<p>Cette r\u00e9union s\u2019inscrit dans le cadre de la mise en place d\u2019un cadre l\u00e9gislatif \u00e0 m\u00eame d\u2019encadrer ces \u00e9ch\u00e9ances \u00e9lectorales, a affirm\u00e9 le responsable gouvernemental, passant en revue les projets de loi organiques et projets de textes juridiques \u00e9labor\u00e9s par le gouvernement, tout en prenant en compte les suggestions et observations propos\u00e9es par les instances politiques nationales.<\/p>\n<p>Les prochaines \u00e9ch\u00e9ances constituent une \u00e9tape importante dans l\u2019histoire de la pratique d\u00e9mocratique nationale, a-t-il relev\u00e9.<\/p>\n<p>Il s\u2019agit, poursuit le ministre, du projet de loi organique n\u00b004.21 modifiant et compl\u00e9tant la loi organique n\u00b027.11 relative \u00e0 la Chambre des repr\u00e9sentants, du projet de loi organique n\u00b005.21 modifiant et compl\u00e9tant la loi organique n\u00b028.11 relative \u00e0 la Chambre des conseillers, du projet de loi organique n\u00b006.21 modifiant et compl\u00e9tant la loi organique n\u00b059.11 relative \u00e0 l\u2019\u00e9lection des membres des conseils des collectivit\u00e9s territoriales ainsi que du projet de loi organique N\u00b007.21 modifiant et compl\u00e9tant la loi organique n\u00b029.11 relative aux partis politiques.<\/p>\n<p>Par ailleurs, M. Laftit a rappel\u00e9 les profondes n\u00e9gociations avec les diff\u00e9rentes instances politiques, repr\u00e9sent\u00e9es ou non au sein du parlement, selon une approche participative fond\u00e9e sur une neutralit\u00e9 engag\u00e9e et une responsabilit\u00e9 partag\u00e9e, pour mener \u00e0 bien l\u2019\u00e9laboration de ces projets de textes l\u00e9gislatifs. Le gouvernement est, depuis une ann\u00e9e, ouvert aux consultations relatives \u00e0 la pr\u00e9paration des \u00e9lections nationales de 2021, a-t-il affirm\u00e9.<\/p>\n<p>Ces textes constituent l\u2019accomplissement d\u2019un processus de dialogue constructif ayant pris en compte les diff\u00e9rents avis et propositions des instances politiques dans un atmosph\u00e8re positive et responsable, a indiqu\u00e9 M. Laftit.<\/p>\n<p>Le ministre n\u2019a pas manqu\u00e9 de mettre en exergue les d\u00e9fis marquant la pr\u00e9paration des prochaines \u00e9lections, \u00e0 savoir la propagation de la Covid-19 et la campagne de vaccination, ainsi que les nouveaux d\u00e9veloppements relatifs \u00e0 la question nationale, face auxquels le Maroc, sous la direction avis\u00e9e de Sa Majest\u00e9 le Roi Mohammed VI, a su faire preuve de sagesse et de retenue pour la pr\u00e9servation de la stabilit\u00e9 de la r\u00e9gion, tout en cherchant les moyens diplomatiques pour mettre fin \u00e0 ce climat de tension.<\/p>\n<p>Il a, de m\u00eame, mis en relief la volont\u00e9 du Royaume \u00e0 poursuivre le processus de construction et de consolidation des institutions d\u00e9mocratiques, \u00e0 travers notamment, la pr\u00e9paration des prochaines \u00e9lections l\u00e9gislatives, communales, r\u00e9gionales ou professionnelles, malgr\u00e9 les circonstances difficiles que conna\u00eet le monde entier.<\/p>\n<p>Auteur: ALM<br \/>\n<a href=\"https:\/\/aujourdhui.ma\/politique\/elections-laftit-presente-les-textes-legislatifs-devant-les-deputes\">Cliquez ici pour lire l&rsquo;article depuis sa source.<\/a><\/p>\n","protected":false},"excerpt":{"rendered":"<p>Les projets de textes l\u00e9gislatifs r\u00e9gissant le syst\u00e8me \u00e9lectoral visent \u00e0 d\u00e9velopper ce dernier et \u00e0 promouvoir sa cr\u00e9dibilit\u00e9, a indiqu\u00e9 mardi \u00e0 Rabat, le ministre de l\u2019Int\u00e9rieur Abdelouafi Laftit. Pr\u00e9sentant ces textes l\u00e9gislatifs devant la commission de l\u2019int\u00e9rieur, des collectivit\u00e9s territoriales, de l\u2019habitat et de la politique de la ville \u00e0 la Chambre des [&hellip;]<\/p>\n","protected":false},"author":1759,"featured_media":0,"comment_status":"closed","ping_status":"closed","sticky":false,"template":"","format":"standard","meta":{"fifu_image_url":"http:\/\/aujourdhui.ma\/wp-content\/uploads\/2020\/07\/Laftit.jpg","fifu_image_alt":"Elections: Laftit pr\u00e9sente les textes l\u00e9gislatifs devant les d\u00e9put\u00e9s","footnotes":""},"categories":[73,54],"tags":[],"class_list":["post-111841","post","type-post","status-publish","format-standard","hentry","category-actualite","category-maroc"],"_links":{"self":[{"href":"https:\/\/linitiative.ca\/International\/wp-json\/wp\/v2\/posts\/111841","targetHints":{"allow":["GET"]}}],"collection":[{"href":"https:\/\/linitiative.ca\/International\/wp-json\/wp\/v2\/posts"}],"about":[{"href":"https:\/\/linitiative.ca\/International\/wp-json\/wp\/v2\/types\/post"}],"author":[{"embeddable":true,"href":"https:\/\/linitiative.ca\/International\/wp-json\/wp\/v2\/users\/1759"}],"replies":[{"embeddable":true,"href":"https:\/\/linitiative.ca\/International\/wp-json\/wp\/v2\/comments?post=111841"}],"version-history":[{"count":0,"href":"https:\/\/linitiative.ca\/International\/wp-json\/wp\/v2\/posts\/111841\/revisions"}],"wp:attachment":[{"href":"https:\/\/linitiative.ca\/International\/wp-json\/wp\/v2\/media?parent=111841"}],"wp:term":[{"taxonomy":"category","embeddable":true,"href":"https:\/\/linitiative.ca\/International\/wp-json\/wp\/v2\/categories?post=111841"},{"taxonomy":"post_tag","embeddable":true,"href":"https:\/\/linitiative.ca\/International\/wp-json\/wp\/v2\/tags?post=111841"}],"curies":[{"name":"wp","href":"https:\/\/api.w.org\/{rel}","templated":true}]}}