{"id":111844,"date":"2021-02-23T09:01:58","date_gmt":"2021-02-23T14:01:58","guid":{"rendered":"https:\/\/linitiative.ca\/International\/la-jeunesse-socialiste-appelle-a-une-representation-honorable-des-jeunes\/"},"modified":"2021-02-23T09:01:58","modified_gmt":"2021-02-23T14:01:58","slug":"la-jeunesse-socialiste-appelle-a-une-representation-honorable-des-jeunes","status":"publish","type":"post","link":"https:\/\/linitiative.ca\/International\/la-jeunesse-socialiste-appelle-a-une-representation-honorable-des-jeunes\/","title":{"rendered":"La Jeunesse Socialiste appelle \u00e0 une repr\u00e9sentation honorable des jeunes"},"content":{"rendered":"<p class=\"has-text-color has-vivid-red-color c1\"><strong>L\u2019esprit du \u00ab20 f\u00e9vrier\u00bb toujours vivace<\/strong><\/p>\n<p class=\"c2\"><strong>M\u2019Barek TAFSI<\/strong><\/p>\n<p><strong>La Jeunesse Socialiste, organisation parall\u00e8le du Parti du Progr\u00e8s et du Socialisme, d\u00e9di\u00e9e \u00e0 la d\u00e9fense des jeunes, a soulign\u00e9 dans un communiqu\u00e9 de son bureau national, r\u00e9uni samedi 20 f\u00e9vrier 2021, que l\u2019esprit du mouvement contestataire du 20 f\u00e9vrier 2011, est toujours vivace.<\/strong><\/p>\n<p>Au cours de sa r\u00e9union p\u00e9riodique, tenue \u00e0 distance,\u00a0 le bureau national indique que le mouvement protestataire du 2 f\u00e9vrier 2011 avait notamment suscit\u00e9 beaucoup d\u2019espoir et donn\u00e9 un souffle nouveau aux r\u00e9formes du mouvement d\u00e9mocratique marocain concernant aussi bien la lib\u00e9ration du joug colonial que l\u2019\u00e9dification d\u2019un Etat de d\u00e9mocratie et de justice sociale.<\/p>\n<p>Pour la Jeunesse socialiste, l\u2019esprit du mouvement, qui c\u00e9l\u00e8bre cette ann\u00e9e, son 10<sup>\u00e8me<\/sup> anniversaire, est toujours d\u2019actualit\u00e9, comme l\u2019illustrent le mouvement des enseignants contractuels qui poursuivent leur lutte pour leur int\u00e9gration pure et simple dans la fonction publique ou les sit-in des habitants de Fnideq qui r\u00e9clament un plan \u00e9conomique et social alternatif qui pr\u00e9serve leur dignit\u00e9 et leur assure un revenu d\u00e9cent, \u00e0 la suite de la fermeture des points de passage avec les pr\u00e9sides occup\u00e9s de Sebta et Melilla.<\/p>\n<p>Par ailleurs, la r\u00e9union a \u00e9t\u00e9 l\u2019occasion pour le bureau national d\u2019appr\u00e9cier hautement le chantier lanc\u00e9 par le Maroc pour la g\u00e9n\u00e9ralisation de la couverture sociale, qui constitue depuis une longue date une des revendications des militantes et militants de la JS et du PPS<\/p>\n<p>Le bureau national a toutefois estim\u00e9 n\u00e9cessaire de cr\u00e9er les conditions propices \u00e0 la r\u00e9ussite de ce chantier \u00e0 travers la prise de mesures d\u2019apaisement et la lib\u00e9ration des d\u00e9tenus, tout en oeuvrant pour le r\u00e9tablissement de la confiance entre les diff\u00e9rents acteurs.<\/p>\n<p>Il a en outre accueilli favorablement les dispositions contenues dans les textes de cadrage des prochaines \u00e9ch\u00e9ances \u00e9lectorales, en particulier celles visant \u00e0 la moralisation de ces \u00e9lections pour qu\u2019elles se d\u00e9roulent dans la transparence et la probit\u00e9 et au renforcement de la repr\u00e9sentation des femmes au sein des institutions \u00e9lues et l\u2019adoption d\u2019une liste r\u00e9gionale au lieu d\u2019une liste nationale \u00e0 la Chambre des repr\u00e9sentants. \u00a0\u00a0\u00a0<\/p>\n<p>Le conseil national a par contre exprim\u00e9 son rejet de la mouture du projet de loi organique 04.21 pour ce qui concerne notamment la repr\u00e9sentation des jeunes par la liste r\u00e9gionale, estimant que ceci repr\u00e9sente un recul politique qui ne refl\u00e8te nullement les r\u00f4les majeurs des jeunes et qui ne contribue pas \u00e0 augmenter leur participation politique.<\/p>\n<p>A ce propos, le bureau national de la JS appelle le parlement \u00e0 pr\u00e9senter, lors de la discussion de ces projets de loi, les amendements \u00e9quitables n\u00e9cessaires pour assurer une repr\u00e9sentation honorable des jeunes \u00e0 la Chambre des repr\u00e9sentants et au sein des collectivit\u00e9s territoriales locales et provinciales, \u00e0 travers l\u2019adoption de listes avec des quotas ind\u00e9pendants entre les jeunes et les femmes.<\/p>\n<p>Auteur: M&rsquo;hammed rahal<br \/>\n<a href=\"http:\/\/albayane.press.ma\/la-jeunesse-socialiste-appelle-a-une-representation-honorable-des-jeunes.html\">Cliquez ici pour lire l&rsquo;article depuis sa source.<\/a><\/p>\n","protected":false},"excerpt":{"rendered":"<p>L\u2019esprit du \u00ab20 f\u00e9vrier\u00bb toujours vivace M\u2019Barek TAFSI La Jeunesse Socialiste, organisation parall\u00e8le du Parti du Progr\u00e8s et du Socialisme, d\u00e9di\u00e9e \u00e0 la d\u00e9fense des jeunes, a soulign\u00e9 dans un communiqu\u00e9 de son bureau national, r\u00e9uni samedi 20 f\u00e9vrier 2021, que l\u2019esprit du mouvement contestataire du 20 f\u00e9vrier 2011, est toujours vivace. Au cours de [&hellip;]<\/p>\n","protected":false},"author":1760,"featured_media":0,"comment_status":"closed","ping_status":"closed","sticky":false,"template":"","format":"standard","meta":{"fifu_image_url":"","fifu_image_alt":"","footnotes":""},"categories":[73,54],"tags":[],"class_list":["post-111844","post","type-post","status-publish","format-standard","hentry","category-actualite","category-maroc"],"_links":{"self":[{"href":"https:\/\/linitiative.ca\/International\/wp-json\/wp\/v2\/posts\/111844","targetHints":{"allow":["GET"]}}],"collection":[{"href":"https:\/\/linitiative.ca\/International\/wp-json\/wp\/v2\/posts"}],"about":[{"href":"https:\/\/linitiative.ca\/International\/wp-json\/wp\/v2\/types\/post"}],"author":[{"embeddable":true,"href":"https:\/\/linitiative.ca\/International\/wp-json\/wp\/v2\/users\/1760"}],"replies":[{"embeddable":true,"href":"https:\/\/linitiative.ca\/International\/wp-json\/wp\/v2\/comments?post=111844"}],"version-history":[{"count":0,"href":"https:\/\/linitiative.ca\/International\/wp-json\/wp\/v2\/posts\/111844\/revisions"}],"wp:attachment":[{"href":"https:\/\/linitiative.ca\/International\/wp-json\/wp\/v2\/media?parent=111844"}],"wp:term":[{"taxonomy":"category","embeddable":true,"href":"https:\/\/linitiative.ca\/International\/wp-json\/wp\/v2\/categories?post=111844"},{"taxonomy":"post_tag","embeddable":true,"href":"https:\/\/linitiative.ca\/International\/wp-json\/wp\/v2\/tags?post=111844"}],"curies":[{"name":"wp","href":"https:\/\/api.w.org\/{rel}","templated":true}]}}