{"id":111845,"date":"2021-02-23T09:03:50","date_gmt":"2021-02-23T14:03:50","guid":{"rendered":"https:\/\/linitiative.ca\/International\/le-maroc-elu-coordonnateur-des-pays-africains-au-bureau-du-conseil-dadministration-du-pam\/"},"modified":"2021-02-23T09:03:50","modified_gmt":"2021-02-23T14:03:50","slug":"le-maroc-elu-coordonnateur-des-pays-africains-au-bureau-du-conseil-dadministration-du-pam","status":"publish","type":"post","link":"https:\/\/linitiative.ca\/International\/le-maroc-elu-coordonnateur-des-pays-africains-au-bureau-du-conseil-dadministration-du-pam\/","title":{"rendered":"Le Maroc \u00e9lu coordonnateur des pays africains au bureau du Conseil d\u2019Administration du PAM"},"content":{"rendered":"<p><strong>Le Maroc a \u00e9t\u00e9 \u00e9lu, lundi, en tant que coordonnateur du Groupe Africain (Liste \u00e9lectorale A) aupr\u00e8s du Conseil d\u2019administration du Programme Alimentaire Mondial (PAM), renfor\u00e7ant ainsi son engagement \u00e0 la fois envers la cause humanitaire de l\u2019organisation et les int\u00e9r\u00eats particuliers des pays africains.<\/strong><\/p>\n<p>Le Maroc, \u00e9lu en la personne de l\u2019ambassadeur repr\u00e9sentant permanent du Royaume aupr\u00e8s des agences de l\u2019ONU \u00e0 Rome Youssef Balla, aura pour mission en tant que membre du Bureau de veiller au fonctionnement efficace et efficient du Conseil d\u2019 administration et de contribuer aux orientations strat\u00e9giques de ses travaux. Il sera appel\u00e9 \u00e0 d\u00e9gager un consensus au sein des Listes et entre elles en dehors des sessions officielles; et \u00e0 participer \u00e0 l\u2019\u00e9laboration et l\u2019actualisation du programme de travail pour l\u2019exercice biennal, ainsi qu\u2019\u00e0 assurer le suivi des mesures prises \u00e0 l\u2019issue des s\u00e9ances du Conseil.<\/p>\n<p>En tant que coordonnateur du Groupe Africain, le Maroc sera le porte-voix des pays africains et de leurs int\u00e9r\u00eats au Bureau. Il contribuera \u00e0 la circulation fluide de l\u2019information, ainsi que le recueil de l\u2019avis des membres de la liste A, tout en \u0153uvrant \u00e0 favoriser le consensus quant aux d\u00e9cisions.<\/p>\n<p>Le Maroc, rappelle-t-on, avait \u00e9t\u00e9 \u00e9lu au Conseil d\u2019Administration du PAM en d\u00e9cembre 2020.<\/p>\n<p>Auteur: M&rsquo;hammed rahal<br \/>\n<a href=\"http:\/\/albayane.press.ma\/le-maroc-elu-coordonnateur-des-pays-africains-au-bureau-du-conseil-dadministration-du-pam.html\">Cliquez ici pour lire l&rsquo;article depuis sa source.<\/a><\/p>\n","protected":false},"excerpt":{"rendered":"<p>Le Maroc a \u00e9t\u00e9 \u00e9lu, lundi, en tant que coordonnateur du Groupe Africain (Liste \u00e9lectorale A) aupr\u00e8s du Conseil d\u2019administration du Programme Alimentaire Mondial (PAM), renfor\u00e7ant ainsi son engagement \u00e0 la fois envers la cause humanitaire de l\u2019organisation et les int\u00e9r\u00eats particuliers des pays africains. Le Maroc, \u00e9lu en la personne de l\u2019ambassadeur repr\u00e9sentant permanent [&hellip;]<\/p>\n","protected":false},"author":1760,"featured_media":0,"comment_status":"closed","ping_status":"closed","sticky":false,"template":"","format":"standard","meta":{"fifu_image_url":"","fifu_image_alt":"","footnotes":""},"categories":[73,54],"tags":[],"class_list":["post-111845","post","type-post","status-publish","format-standard","hentry","category-actualite","category-maroc"],"_links":{"self":[{"href":"https:\/\/linitiative.ca\/International\/wp-json\/wp\/v2\/posts\/111845","targetHints":{"allow":["GET"]}}],"collection":[{"href":"https:\/\/linitiative.ca\/International\/wp-json\/wp\/v2\/posts"}],"about":[{"href":"https:\/\/linitiative.ca\/International\/wp-json\/wp\/v2\/types\/post"}],"author":[{"embeddable":true,"href":"https:\/\/linitiative.ca\/International\/wp-json\/wp\/v2\/users\/1760"}],"replies":[{"embeddable":true,"href":"https:\/\/linitiative.ca\/International\/wp-json\/wp\/v2\/comments?post=111845"}],"version-history":[{"count":0,"href":"https:\/\/linitiative.ca\/International\/wp-json\/wp\/v2\/posts\/111845\/revisions"}],"wp:attachment":[{"href":"https:\/\/linitiative.ca\/International\/wp-json\/wp\/v2\/media?parent=111845"}],"wp:term":[{"taxonomy":"category","embeddable":true,"href":"https:\/\/linitiative.ca\/International\/wp-json\/wp\/v2\/categories?post=111845"},{"taxonomy":"post_tag","embeddable":true,"href":"https:\/\/linitiative.ca\/International\/wp-json\/wp\/v2\/tags?post=111845"}],"curies":[{"name":"wp","href":"https:\/\/api.w.org\/{rel}","templated":true}]}}