{"id":111846,"date":"2021-02-23T09:06:48","date_gmt":"2021-02-23T14:06:48","guid":{"rendered":"https:\/\/linitiative.ca\/International\/%ef%bb%bfla-conjoncture-actuelle-exige-un-meilleur-developpement-du-secteur-des-tic\/"},"modified":"2021-02-23T09:06:48","modified_gmt":"2021-02-23T14:06:48","slug":"%ef%bb%bfla-conjoncture-actuelle-exige-un-meilleur-developpement-du-secteur-des-tic","status":"publish","type":"post","link":"https:\/\/linitiative.ca\/International\/%ef%bb%bfla-conjoncture-actuelle-exige-un-meilleur-developpement-du-secteur-des-tic\/","title":{"rendered":"\ufeff\u00abLa conjoncture actuelle exige un meilleur d\u00e9veloppement du secteur des TIC\u00bb"},"content":{"rendered":"<p class=\"c1\"><strong>El Otmani re\u00e7oit le pr\u00e9sident de l\u2019<\/strong><strong>APEBI<\/strong><\/p>\n<p><strong>Le Chef de gouvernement Saad Dine El Otmani a mis l\u2019accent, lundi, sur la n\u00e9cessit\u00e9 de d\u00e9velopper davantage le secteur des Technologies de l\u2019information et de la communication (TIC) et de l\u2019Offshoring au Maroc, \u00e0 la lumi\u00e8re en particulier des d\u00e9fis impos\u00e9s par la pand\u00e9mie du Covid-19 dans les domaines de la communication et de la digitalisation.<\/strong><\/p>\n<p>Le secteur des TIC et de l\u2019Offshoring rev\u00eat une importance capitale, a insist\u00e9 M. El Otmani qui recevait le pr\u00e9sident de la F\u00e9d\u00e9ration des technologies de l\u2019information, des t\u00e9l\u00e9communications et de l\u2019Offshoring (APEBI), Amine Zarouk, son vice-pr\u00e9sident, Mehdi Alaloui ainsi que le responsable des relations g\u00e9n\u00e9rales et des services, Hatim Benjelloun, relevant que d\u2019\u00e9normes opportunit\u00e9s ont \u00e9merg\u00e9 de la crise du Covid-19, desquelles le secteur pourrait tirer profit, indique un communiqu\u00e9 du D\u00e9partement du Chef du gouvernement.<\/p>\n<p>A cet \u00e9gard, l\u2019APEBI a mis en exergue les multiples opportunit\u00e9s que s\u2019est offertes le secteur des TIC et de l\u2019Offshoring, particuli\u00e8rement dans le domaine de l\u2019enseignement \u00e0 travers la cr\u00e9ation de plateformes num\u00e9riques pour l\u2019enseignement \u00e0 distance, en r\u00e9ponse \u00e0 la conjoncture impos\u00e9e par le confinement sanitaire, mais aussi pour accompagner le grand chantier de la transformation num\u00e9rique au Maroc, selon la m\u00eame source.<\/p>\n<p>Le pr\u00e9sident de la F\u00e9d\u00e9ration, M. Zarouk, estime en ce sens que malgr\u00e9 la perte de milliers d\u2019emplois \u00e0 cause du coronavirus, la ponte peut \u00eatre remont\u00e9e \u00e0 travers des mesures audacieuses, sur la base des r\u00e9sultats de plusieurs \u00e9tudes.<\/p>\n<p>\u00ab\u00a0Ces \u00e9tudes ont montr\u00e9 que le secteur pourrait devenir, dans un proche avenir, un pourvoyeur essentiel d\u2019emplois et permettrait la r\u00e9cup\u00e9ration des postes perdus\u00a0\u00bb, a-t-il dit, tout en pr\u00e9sentant une s\u00e9rie de propositions qui contribueront \u00e0 donner une forte impulsion \u00e0 certains chantiers lanc\u00e9s dans le Royaume, tels que la simplification des proc\u00e9dures et la digitalisation.<\/p>\n<p>Le chef du gouvernement, poursuit le communiqu\u00e9, a interagi favorablement avec ces propositions et a promis de les examiner afin d\u2019\u00e9laborer un plan d\u2019action susceptible d\u2019accompagner le secteur, en coordination avec le d\u00e9partement de tutelle, en l\u2019occurrence le minist\u00e8re de l\u2019Industrie, du Commerce et de l\u2019\u00c9conomie verte et num\u00e9rique.<\/p>\n<p>Une circulaire du chef de gouvernement relative \u00e0 l\u2019Offshoring avait \u00e9t\u00e9 publi\u00e9e fin d\u00e9cembre 2020 et entr\u00e9e en vigueur d\u00e9but janvier 2021, comportant les mesures incitatives offertes par le Royaume aux entreprises op\u00e9rant dans ce secteur, qu\u2019elles soient install\u00e9es dans ou en dehors des unit\u00e9s industrielles int\u00e9gr\u00e9es, rappelle le communiqu\u00e9.<\/p>\n<p>Auteur: M&rsquo;hammed rahal<br \/>\n<a href=\"http:\/\/albayane.press.ma\/%EF%BB%BFla-conjoncture-actuelle-exige-un-meilleur-developpement-du-secteur-des-tic.html\">Cliquez ici pour lire l&rsquo;article depuis sa source.<\/a><\/p>\n","protected":false},"excerpt":{"rendered":"<p>El Otmani re\u00e7oit le pr\u00e9sident de l\u2019APEBI Le Chef de gouvernement Saad Dine El Otmani a mis l\u2019accent, lundi, sur la n\u00e9cessit\u00e9 de d\u00e9velopper davantage le secteur des Technologies de l\u2019information et de la communication (TIC) et de l\u2019Offshoring au Maroc, \u00e0 la lumi\u00e8re en particulier des d\u00e9fis impos\u00e9s par la pand\u00e9mie du Covid-19 dans [&hellip;]<\/p>\n","protected":false},"author":1760,"featured_media":0,"comment_status":"closed","ping_status":"closed","sticky":false,"template":"","format":"standard","meta":{"fifu_image_url":"","fifu_image_alt":"","footnotes":""},"categories":[73,54],"tags":[],"class_list":["post-111846","post","type-post","status-publish","format-standard","hentry","category-actualite","category-maroc"],"_links":{"self":[{"href":"https:\/\/linitiative.ca\/International\/wp-json\/wp\/v2\/posts\/111846","targetHints":{"allow":["GET"]}}],"collection":[{"href":"https:\/\/linitiative.ca\/International\/wp-json\/wp\/v2\/posts"}],"about":[{"href":"https:\/\/linitiative.ca\/International\/wp-json\/wp\/v2\/types\/post"}],"author":[{"embeddable":true,"href":"https:\/\/linitiative.ca\/International\/wp-json\/wp\/v2\/users\/1760"}],"replies":[{"embeddable":true,"href":"https:\/\/linitiative.ca\/International\/wp-json\/wp\/v2\/comments?post=111846"}],"version-history":[{"count":0,"href":"https:\/\/linitiative.ca\/International\/wp-json\/wp\/v2\/posts\/111846\/revisions"}],"wp:attachment":[{"href":"https:\/\/linitiative.ca\/International\/wp-json\/wp\/v2\/media?parent=111846"}],"wp:term":[{"taxonomy":"category","embeddable":true,"href":"https:\/\/linitiative.ca\/International\/wp-json\/wp\/v2\/categories?post=111846"},{"taxonomy":"post_tag","embeddable":true,"href":"https:\/\/linitiative.ca\/International\/wp-json\/wp\/v2\/tags?post=111846"}],"curies":[{"name":"wp","href":"https:\/\/api.w.org\/{rel}","templated":true}]}}