{"id":111850,"date":"2021-02-23T09:14:37","date_gmt":"2021-02-23T14:14:37","guid":{"rendered":"https:\/\/linitiative.ca\/International\/environnement-lancement-dun-appel-a-projets-dans-15-gouvernorats\/"},"modified":"2021-02-23T09:14:37","modified_gmt":"2021-02-23T14:14:37","slug":"environnement-lancement-dun-appel-a-projets-dans-15-gouvernorats","status":"publish","type":"post","link":"https:\/\/linitiative.ca\/International\/environnement-lancement-dun-appel-a-projets-dans-15-gouvernorats\/","title":{"rendered":"Environnement : lancement d\u2019un appel \u00e0 projets dans 15 gouvernorats"},"content":{"rendered":"<div class=\"td-post-content\">\n<h2>Un deuxi\u00e8me appel \u00e0 projets baptis\u00e9\u00a0\u00a0\u00ab\u00a0\u063a\u062f\u0648\u0629 Jeunesse &amp; Environnement\u00a0\u00bb (Le devenir jeunesse et environnement), destin\u00e9 \u00e0 soutenir des jeunes actrices et acteurs du changement mobilis\u00e9s pour la protection de l\u2019environnement, en Tunisie, vient d\u2019\u00eatre lanc\u00e9 par l\u2019Ambassade de France en Tunisie. Et ce, en partenariat avec l\u2019Institut fran\u00e7ais de Tunisie et le programme PISCCA (Projets Innovants des Soci\u00e9t\u00e9s Civiles et Coalitions d\u2019Acteurs).<\/h2>\n<p>L\u2019objectif de cette initiative est d\u2019accompagner un projet par gouvernorat, dans les 15 gouvernorats suivants:<\/p>\n<ul>\n<li>Ariana;<\/li>\n<li>B\u00e9ja;<\/li>\n<li>Ben Arous;<\/li>\n<li>Gafsa;<\/li>\n<li>Jendouba;<\/li>\n<li>Kairouan;<\/li>\n<li>Kasserine;<\/li>\n<li>Le Kef;<\/li>\n<li>Mahdia;<\/li>\n<li>Manouba;<\/li>\n<li>Monastir;<\/li>\n<li>Siliana;<\/li>\n<li>Tataouine;<\/li>\n<li>Tozeur;<\/li>\n<li>Et Zaghouan.<\/li>\n<\/ul>\n<p>D\u2019ailleurs, l\u2019appel \u00e0 projets retiendra quinze projets \u00e0 fort impact et aux retomb\u00e9es p\u00e9rennes cette ann\u00e9e. Leurs promoteurs, des jeunes de 18 \u00e0 25 ans, b\u00e9n\u00e9ficieront d\u2019un financement moyen de 30 000 \u00e0 50 000 DT. En effet, ce projet cible tous les jeunes engag\u00e9-e-s dans la protection de l\u2019environnement et porteurs de projets innovants qui pourraient changer les choses.<\/p>\n<p>Par ailleurs, l\u2019appel cible les associations locales tunisiennes proposant un projet concret, ambitieux et r\u00e9aliste. En effet, le projet doit porter sur la th\u00e9matique de la protection de l\u2019environnement. Sont \u00e9galement concern\u00e9s par cet appel, les projets qui promeuvent\u00a0<a href=\"http:\/\/www.leconomistemaghrebin.com\/2017\/09\/13\/rym-mahjoub-lemancipation-de-la-femme-nest-pas-un-simple-slogan\/\" target=\"_blank\" rel=\"noopener noreferrer\">l\u2019\u00e9mancipation des femmes<\/a>\u00a0et le d\u00e9veloppement r\u00e9gional; ainsi que favorisant la cr\u00e9ation d\u2019emploi pour les jeunes. L\u2019appel \u00e0 projets s\u2019adresse uniquement aux associations tunisiennes enregistr\u00e9es au Journal Officiel de la R\u00e9publique Tunisienne (<a href=\"http:\/\/www.iort.gov.tn\/\" target=\"_blank\" rel=\"noopener noreferrer\">JORT<\/a>). C\u2019est encore ce que pr\u00e9cise la m\u00eame source.<\/p>\n<p>Par ailleurs, le dossier de demande de subvention est t\u00e9l\u00e9chargeable sur le site de l\u2019Institut fran\u00e7ais de Tunisie. Puis, il devra \u00eatre envoy\u00e9 \u00e0 l\u2019adresse suivante: societe-civile@institutfrancais-tunisie.com.\u00a0 Quant \u00e0 la date limite pour soumettre une demande de subvention, elle est fix\u00e9e au 15 mars 2021. En effet, le jury effectuera la s\u00e9lection finale\u00a0 en juin 2021. La premi\u00e8re \u00e9dition de cet appel a eu lieu du 16 juin au 30 juillet 2020. Cette premi\u00e8re \u00e9dition a permis de retenir neuf projets ambitieux et \u00e0 fort impact dans neuf gouvernorats.<\/p>\n<p>Avec TAP<\/p>\n<\/div>\n<footer>\n<\/footer>\n<div class=\"wp-post-author-wrap wp-post-author-shortcode left\">\n<h3 class=\"awpa-title\"\/>\n<div class=\"wp-post-author\">\n<div class=\"awpa-img awpa-author-block square\"><a href=\"http:\/\/lexpertjournal.net\/fr\/?author=5\"><img loading=\"lazy\" decoding=\"async\" alt=\"\" src=\"http:\/\/0.gravatar.com\/avatar\/97f8e10a1c1125ba104a76514ee07b16?s=150&amp;d=mm&amp;r=g\" srcset=\"http:\/\/0.gravatar.com\/avatar\/97f8e10a1c1125ba104a76514ee07b16?s=300&amp;d=mm&amp;r=g 2x\" class=\"avatar avatar-150 photo\" height=\"150\" width=\"150\"\/><\/a><\/div>\n<\/div>\n<\/div>\n<aside class=\"mashsb-container mashsb-main mashsb-stretched\">\n<\/aside>\n<p>Auteur: L&rsquo;expert<br \/>\n<a href=\"http:\/\/lexpertjournal.net\/fr\/?p=18795\">Cliquez ici pour lire l&rsquo;article depuis sa source.<\/a><\/p>\n","protected":false},"excerpt":{"rendered":"<p>Un deuxi\u00e8me appel \u00e0 projets baptis\u00e9\u00a0\u00a0\u00ab\u00a0\u063a\u062f\u0648\u0629 Jeunesse &amp; Environnement\u00a0\u00bb (Le devenir jeunesse et environnement), destin\u00e9 \u00e0 soutenir des jeunes actrices et acteurs du changement mobilis\u00e9s pour la protection de l\u2019environnement, en Tunisie, vient d\u2019\u00eatre lanc\u00e9 par l\u2019Ambassade de France en Tunisie. Et ce, en partenariat avec l\u2019Institut fran\u00e7ais de Tunisie et le programme PISCCA (Projets [&hellip;]<\/p>\n","protected":false},"author":1775,"featured_media":0,"comment_status":"closed","ping_status":"closed","sticky":false,"template":"","format":"standard","meta":{"fifu_image_url":"http:\/\/0.gravatar.com\/avatar\/97f8e10a1c1125ba104a76514ee07b16?s=150&d=mm&r=g","fifu_image_alt":"Environnement : lancement d\u2019un appel \u00e0 projets dans 15 gouvernorats","footnotes":""},"categories":[78,55],"tags":[],"class_list":["post-111850","post","type-post","status-publish","format-standard","hentry","category-economie","category-tunisie"],"_links":{"self":[{"href":"https:\/\/linitiative.ca\/International\/wp-json\/wp\/v2\/posts\/111850","targetHints":{"allow":["GET"]}}],"collection":[{"href":"https:\/\/linitiative.ca\/International\/wp-json\/wp\/v2\/posts"}],"about":[{"href":"https:\/\/linitiative.ca\/International\/wp-json\/wp\/v2\/types\/post"}],"author":[{"embeddable":true,"href":"https:\/\/linitiative.ca\/International\/wp-json\/wp\/v2\/users\/1775"}],"replies":[{"embeddable":true,"href":"https:\/\/linitiative.ca\/International\/wp-json\/wp\/v2\/comments?post=111850"}],"version-history":[{"count":0,"href":"https:\/\/linitiative.ca\/International\/wp-json\/wp\/v2\/posts\/111850\/revisions"}],"wp:attachment":[{"href":"https:\/\/linitiative.ca\/International\/wp-json\/wp\/v2\/media?parent=111850"}],"wp:term":[{"taxonomy":"category","embeddable":true,"href":"https:\/\/linitiative.ca\/International\/wp-json\/wp\/v2\/categories?post=111850"},{"taxonomy":"post_tag","embeddable":true,"href":"https:\/\/linitiative.ca\/International\/wp-json\/wp\/v2\/tags?post=111850"}],"curies":[{"name":"wp","href":"https:\/\/api.w.org\/{rel}","templated":true}]}}