{"id":111853,"date":"2021-02-23T12:28:00","date_gmt":"2021-02-23T17:28:00","guid":{"rendered":"https:\/\/linitiative.ca\/International\/une-journaliste-de-liberte-lachement-agressee-par-un-policier\/"},"modified":"2021-02-23T12:28:00","modified_gmt":"2021-02-23T17:28:00","slug":"une-journaliste-de-liberte-lachement-agressee-par-un-policier","status":"publish","type":"post","link":"https:\/\/linitiative.ca\/International\/une-journaliste-de-liberte-lachement-agressee-par-un-policier\/","title":{"rendered":"Une journaliste de Libert\u00e9 \u00ab l\u00e2chement \u00bb agress\u00e9e par un policier"},"content":{"rendered":"<div id=\"originalText\" readability=\"63\">\n<p>Notre coll\u00e8gue Kenza Sifi a \u00e9t\u00e9 sauvagement agress\u00e9e, ce mardi, par un agent de \u00ab\u00a0maintien de l\u2019ordre\u00a0public\u00bb, alors qu\u2019elle couvrait pour l\u2019\u00e9dition Web du journal libert\u00e9 la marche des \u00e9tudiants \u00e0 Alger.<\/p>\n<p>Munie d\u2019un ordre de mission, et d\u2019ailleurs plusieurs fois contr\u00f4l\u00e9e par des policiers, pendant la couverture de la manifestation, la jeune journaliste a re\u00e7u un coup de matraque de dos, et qui a failli lui \u00eatre fatal, en filmant la fin de la marche, vers 14h20, au niveau de la Placette de la Grande Poste d\u2019Alger. \u00a0<\/p>\n<p>C\u2019est au moment o\u00f9 la manifestation tirait \u00e0 sa fin et que les \u00e9tudiants se dispersaient dans le calme, qu\u2019un agent en casque et uniforme est venue la surprendre pour lui ass\u00e9ner, de dos, un coup de matraque qu\u2019il a dirig\u00e9 de la mani\u00e8re la plus \u00ab\u00a0abjecte\u00a0\u00bb et \u00ab\u00a0vicieuse\u00a0\u00bb qui soit.<\/p>\n<p>Transport\u00e9e \u00e0 l\u2019h\u00f4pital, la journaliste Kenza Sifi s\u2019est faite d\u00e9livr\u00e9e un certificat m\u00e9dical. Tout en condamnant, le Journal Libert\u00e9 se r\u00e9serve le droit d\u2019engager des proc\u00e9dures judiciaires contre l\u2019auteur de cette agression.<\/p>\n<p class=\"c6\"><strong>R\u00e9daction Web<\/strong><\/p>\n<\/div>\n<div id=\"text_core\" readability=\"63\">\n<p>Notre coll\u00e8gue Kenza Sifi a \u00e9t\u00e9 sauvagement agress\u00e9e, ce mardi, par un agent de \u00ab\u00a0maintien de l\u2019ordre\u00a0public\u00bb, alors qu\u2019elle couvrait pour l\u2019\u00e9dition Web du journal libert\u00e9 la marche des \u00e9tudiants \u00e0 Alger.<\/p>\n<p>Munie d\u2019un ordre de mission, et d\u2019ailleurs plusieurs fois contr\u00f4l\u00e9e par des policiers, pendant la couverture de la manifestation, la jeune journaliste a re\u00e7u un coup de matraque de dos, et qui a failli lui \u00eatre fatal, en filmant la fin de la marche, vers 14h20, au niveau de la Placette de la Grande Poste d\u2019Alger. \u00a0<\/p>\n<p>C\u2019est au moment o\u00f9 la manifestation tirait \u00e0 sa fin et que les \u00e9tudiants se dispersaient dans le calme, qu\u2019un agent en casque et uniforme est venue la surprendre pour lui ass\u00e9ner, de dos, un coup de matraque qu\u2019il a dirig\u00e9 de la mani\u00e8re la plus \u00ab\u00a0abjecte\u00a0\u00bb et \u00ab\u00a0vicieuse\u00a0\u00bb qui soit.<\/p>\n<p>Transport\u00e9e \u00e0 l\u2019h\u00f4pital, la journaliste Kenza Sifi s\u2019est faite d\u00e9livr\u00e9e un certificat m\u00e9dical. Tout en condamnant, le Journal Libert\u00e9 se r\u00e9serve le droit d\u2019engager des proc\u00e9dures judiciaires contre l\u2019auteur de cette agression.<\/p>\n<p class=\"c6\"><strong>R\u00e9daction Web<\/strong><\/p>\n<\/div>\n<p>Auteur:<br \/>\n<a href=\"https:\/\/www.liberte-algerie.com\/actualite\/une-journaliste-de-liberte-lachement-agressee-par-un-policier-354553\">Cliquez ici pour lire l&rsquo;article depuis sa source.<\/a><\/p>\n","protected":false},"excerpt":{"rendered":"<p>Notre coll\u00e8gue Kenza Sifi a \u00e9t\u00e9 sauvagement agress\u00e9e, ce mardi, par un agent de \u00ab\u00a0maintien de l\u2019ordre\u00a0public\u00bb, alors qu\u2019elle couvrait pour l\u2019\u00e9dition Web du journal libert\u00e9 la marche des \u00e9tudiants \u00e0 Alger. Munie d\u2019un ordre de mission, et d\u2019ailleurs plusieurs fois contr\u00f4l\u00e9e par des policiers, pendant la couverture de la manifestation, la jeune journaliste a [&hellip;]<\/p>\n","protected":false},"author":1742,"featured_media":0,"comment_status":"closed","ping_status":"closed","sticky":false,"template":"","format":"standard","meta":{"fifu_image_url":"","fifu_image_alt":"","footnotes":""},"categories":[73,53],"tags":[],"class_list":["post-111853","post","type-post","status-publish","format-standard","hentry","category-actualite","category-algerie"],"_links":{"self":[{"href":"https:\/\/linitiative.ca\/International\/wp-json\/wp\/v2\/posts\/111853","targetHints":{"allow":["GET"]}}],"collection":[{"href":"https:\/\/linitiative.ca\/International\/wp-json\/wp\/v2\/posts"}],"about":[{"href":"https:\/\/linitiative.ca\/International\/wp-json\/wp\/v2\/types\/post"}],"author":[{"embeddable":true,"href":"https:\/\/linitiative.ca\/International\/wp-json\/wp\/v2\/users\/1742"}],"replies":[{"embeddable":true,"href":"https:\/\/linitiative.ca\/International\/wp-json\/wp\/v2\/comments?post=111853"}],"version-history":[{"count":0,"href":"https:\/\/linitiative.ca\/International\/wp-json\/wp\/v2\/posts\/111853\/revisions"}],"wp:attachment":[{"href":"https:\/\/linitiative.ca\/International\/wp-json\/wp\/v2\/media?parent=111853"}],"wp:term":[{"taxonomy":"category","embeddable":true,"href":"https:\/\/linitiative.ca\/International\/wp-json\/wp\/v2\/categories?post=111853"},{"taxonomy":"post_tag","embeddable":true,"href":"https:\/\/linitiative.ca\/International\/wp-json\/wp\/v2\/tags?post=111853"}],"curies":[{"name":"wp","href":"https:\/\/api.w.org\/{rel}","templated":true}]}}