{"id":111858,"date":"2021-02-22T15:33:58","date_gmt":"2021-02-22T20:33:58","guid":{"rendered":"https:\/\/linitiative.ca\/International\/renforcement-de-lapprovisionnement-du-monde-rural-en-eau-potable\/"},"modified":"2021-02-22T15:33:58","modified_gmt":"2021-02-22T20:33:58","slug":"renforcement-de-lapprovisionnement-du-monde-rural-en-eau-potable","status":"publish","type":"post","link":"https:\/\/linitiative.ca\/International\/renforcement-de-lapprovisionnement-du-monde-rural-en-eau-potable\/","title":{"rendered":"Renforcement de l\u2019approvisionnement du monde rural en eau potable"},"content":{"rendered":"<p class=\"c4\">Le coup d\u2019envoi de l\u2019exploitation du projet de raccordement de douar Beni Meqbel, dans la commune de Berkine (provine de Guercif), au r\u00e9seau d\u2019eau potable, a \u00e9t\u00e9 donn\u00e9 r\u00e9cemment, dans le cadre des efforts visant \u00e0 renforcer l\u2019approvisionnement du monde rural en cette denr\u00e9e vitale.<\/p>\n<p class=\"c4\">Le projet, dont le coup d\u2019envoi de l\u2019exploitation a \u00e9t\u00e9 donn\u00e9 par le gouverneur de la province de Guercif, Hassan Belmahi, s\u2019inscrit dans le cadre du programme de rattrapage des d\u00e9ficits en infrastructures et services sociaux de base dans les communes les moins \u00e9quip\u00e9es au titre des ann\u00e9es 2018 et 2020.<\/p>\n<p class=\"c4\">Dans une d\u00e9claration \u00e0 la MAP, le chef de la Division des affaires sociales (DAS) \u00e0 la pr\u00e9fecture de la province de Guercif, Hassan Kara, a indiqu\u00e9 que ce projet, ayant n\u00e9cessit\u00e9 une enveloppe de 1,58 million de dirhams (MDH), a \u00e9t\u00e9 financ\u00e9 enti\u00e8rement par l\u2019Initiative nationale pour le d\u00e9veloppement humain (INDH), avec la contribution de la pr\u00e9fecture de la province (suivi des travaux) et du service des eaux (\u00e9tude, accompagnement et suivi) ainsi que de la commune rurale de Berkine.<\/p>\n<p class=\"c4\">Gr\u00e2ce \u00e0 ce projet, quelque 1.724 personnes, r\u00e9partis sur 362 foyers, doivent b\u00e9n\u00e9ficier de l\u2019acc\u00e8s \u00e0 l\u2019eau potable avec un niveau de d\u00e9bit suffisant, a-t-il pr\u00e9cis\u00e9.<\/p>\n<p class=\"c4\">La premi\u00e8re phase de ce projet a consist\u00e9 notamment en la construction d\u2019un r\u00e9servoir pour le stockage des eaux des sources d\u2019une capacit\u00e9 de 30 m3, en plus de la r\u00e9alisation des r\u00e9seaux de distribution d\u2019une longueur de 3 km et la construction d\u2019une station de pompage dot\u00e9e des \u00e9quipements hydrom\u00e9caniques et reli\u00e9e au r\u00e9seau \u00e9lectrique.<\/p>\n<p class=\"c4\">La deuxi\u00e8me phase du projet a connu, quant \u00e0 elle, la construction d\u2019un r\u00e9servoir de 100 m3 dot\u00e9 des \u00e9quipements hydrom\u00e9caniques et de panneaux solaires ainsi que la r\u00e9alisation de 1,7 km de r\u00e9seaux de distribution.<\/p>\n<p class=\"c4\">Par ailleurs, le gouverneur de la province s\u2019est arr\u00eat\u00e9 sur l\u2019\u00e9tat d\u2019avancement du projet d\u2019am\u00e9nagement du centre de la commune de Berkine, avant de visiter une unit\u00e9 d\u2019enseignement pr\u00e9scolaire r\u00e9alis\u00e9e r\u00e9cemment par l\u2019INDH au douar Beni Meqbel.<\/p>\n<p>Auteur: Soufiane ELAHMAR<br \/>\n<a href=\"http:\/\/www.mapoujda.ma\/fr\/renforcement-de-lapprovisionnement-du-monde-rural-en-eau-potable\/\">Cliquez ici pour lire l&rsquo;article depuis sa source.<\/a><\/p>\n","protected":false},"excerpt":{"rendered":"<p>Le coup d\u2019envoi de l\u2019exploitation du projet de raccordement de douar Beni Meqbel, dans la commune de Berkine (provine de Guercif), au r\u00e9seau d\u2019eau potable, a \u00e9t\u00e9 donn\u00e9 r\u00e9cemment, dans le cadre des efforts visant \u00e0 renforcer l\u2019approvisionnement du monde rural en cette denr\u00e9e vitale. Le projet, dont le coup d\u2019envoi de l\u2019exploitation a \u00e9t\u00e9 [&hellip;]<\/p>\n","protected":false},"author":1788,"featured_media":0,"comment_status":"closed","ping_status":"closed","sticky":false,"template":"","format":"standard","meta":{"fifu_image_url":"","fifu_image_alt":"","footnotes":""},"categories":[54,76],"tags":[],"class_list":["post-111858","post","type-post","status-publish","format-standard","hentry","category-maroc","category-regions"],"_links":{"self":[{"href":"https:\/\/linitiative.ca\/International\/wp-json\/wp\/v2\/posts\/111858","targetHints":{"allow":["GET"]}}],"collection":[{"href":"https:\/\/linitiative.ca\/International\/wp-json\/wp\/v2\/posts"}],"about":[{"href":"https:\/\/linitiative.ca\/International\/wp-json\/wp\/v2\/types\/post"}],"author":[{"embeddable":true,"href":"https:\/\/linitiative.ca\/International\/wp-json\/wp\/v2\/users\/1788"}],"replies":[{"embeddable":true,"href":"https:\/\/linitiative.ca\/International\/wp-json\/wp\/v2\/comments?post=111858"}],"version-history":[{"count":0,"href":"https:\/\/linitiative.ca\/International\/wp-json\/wp\/v2\/posts\/111858\/revisions"}],"wp:attachment":[{"href":"https:\/\/linitiative.ca\/International\/wp-json\/wp\/v2\/media?parent=111858"}],"wp:term":[{"taxonomy":"category","embeddable":true,"href":"https:\/\/linitiative.ca\/International\/wp-json\/wp\/v2\/categories?post=111858"},{"taxonomy":"post_tag","embeddable":true,"href":"https:\/\/linitiative.ca\/International\/wp-json\/wp\/v2\/tags?post=111858"}],"curies":[{"name":"wp","href":"https:\/\/api.w.org\/{rel}","templated":true}]}}