{"id":111862,"date":"2021-02-23T12:46:22","date_gmt":"2021-02-23T17:46:22","guid":{"rendered":"https:\/\/linitiative.ca\/International\/amenagement-du-territoire-national-signature-de-12-contrats-objectifs-pour-la-mise-en-oeuvre-du-plan-de-relance-de-2021\/"},"modified":"2021-02-23T12:46:22","modified_gmt":"2021-02-23T17:46:22","slug":"amenagement-du-territoire-national-signature-de-12-contrats-objectifs-pour-la-mise-en-oeuvre-du-plan-de-relance-de-2021","status":"publish","type":"post","link":"https:\/\/linitiative.ca\/International\/amenagement-du-territoire-national-signature-de-12-contrats-objectifs-pour-la-mise-en-oeuvre-du-plan-de-relance-de-2021\/","title":{"rendered":"Am\u00e9nagement du territoire national: Signature de 12 contrats-objectifs pour la mise en \u0153uvre du plan de relance de 2021"},"content":{"rendered":"<p class=\"c4\">Un total de 12 contrats-objectifs r\u00e9gionaux ont \u00e9t\u00e9 sign\u00e9s, mardi \u00e0 Rabat, lors d\u2019une c\u00e9r\u00e9monie pr\u00e9sid\u00e9e par la ministre de l\u2019Am\u00e9nagement du territoire national, de l\u2019Urbanisme, de l\u2019Habitat et de la Politique de la ville, Nouzha Bouchareb, avec les d\u00e9partements r\u00e9gionaux du minist\u00e8re en vue d\u2019accompagner et de suivre de pr\u00e8s la mise en \u0153uvre de son plan de relance au titre de l\u2019ann\u00e9e 2021.<\/p>\n<p class=\"c4\">Sign\u00e9s lors d\u2019une rencontre sur la mise en \u0153uvre des plans d\u2019action du minist\u00e8re et de ses d\u00e9partements r\u00e9gionaux, ces contrats-objectifs, bas\u00e9s sur une approche participative, s\u2019inscrivent dans le cadre de la mise en oeuvre du chantier structurant de la r\u00e9gionalisation avanc\u00e9e et de la d\u00e9centralisation pour une relance \u00e9conomique territorialis\u00e9e permettant d\u2019atteindre les 17 Objectifs du d\u00e9veloppement durable (ODD), notamment l\u2019objectif 11 pour un mod\u00e8le de d\u00e9veloppement durable, int\u00e9gr\u00e9, inclusif et attractif.<\/p>\n<p class=\"c4\">Le contrat-objectif r\u00e9gional se veut \u00e9galement un outil contractuel qui permettra au minist\u00e8re d\u2019accompagner et de suivre de pr\u00e8s la mise en \u0153uvre de son plan d\u2019action en mati\u00e8re d\u2019Am\u00e9nagement du Territoire, de l\u2019Urbanisme, de l\u2019Habitat et de la politique de la ville.<\/p>\n<p class=\"c4\">Ces contrats-objectifs d\u00e9clinent les engagements des d\u00e9partements r\u00e9gionaux et locaux du minist\u00e8re pour mettre en \u0153uvre au niveau de chaque r\u00e9gion son plan de relance de 2021 et d\u00e9terminent les mesures de suivi et d\u2019\u00e9valuation des programmes convenus sur la p\u00e9riode d\u2019une ann\u00e9e.<\/p>\n<p class=\"c4\">Ces accords ont \u00e9t\u00e9 sign\u00e9s par Mme Bouchareb, d\u2019une part, et les inspecteurs r\u00e9gionaux de l\u2019Am\u00e9nagement du Territoire, de l\u2019Urbanisme et de l\u2019Architecture, les directeurs des agences urbaines ainsi que les Directeurs r\u00e9gionaux, provinciaux et pr\u00e9fectoraux de l\u2019Habitat et de la Politique de la Ville, en pr\u00e9sence des responsables des diff\u00e9rents services centraux.<\/p>\n<p class=\"c4\">La rencontre a \u00e9t\u00e9 \u00e9galement marqu\u00e9e par le lancement du projet du g\u00e9oportail national des documents de l\u2019urbanisme approuv\u00e9s en coop\u00e9ration avec 29 agences urbaines du Royaume (www.taamir.gov.ma), qui constitue une plate-forme cartographique et num\u00e9rique \u00e0 m\u00eame de soutenir les efforts d\u00e9ploy\u00e9s dans le domaine de l\u2019authentification des documents de l\u2019urbanisme et la fourniture de donn\u00e9es urbanistiques assorties de coordonn\u00e9es g\u00e9ographiques n\u00e9cessaires pour accompagner l\u2019investissement et le d\u00e9veloppement territorial.<\/p>\n<p class=\"c4\">Ce portail en ligne permettra la publication \u00e9lectronique de 690 documents urbanistiques approuv\u00e9s dans leur premi\u00e8re version et enrichis de fa\u00e7on permanente, sur la base des services num\u00e9riques fournis par les agences urbaines tout en assurant l\u2019inclusion num\u00e9rique des documents d\u2019urbanisme approuv\u00e9s.<\/p>\n<p class=\"c4\">Cette rencontre a \u00e9t\u00e9 aussi l\u2019occasion de signer deux nouvelles conventions \u00e0 vocation sociale en vue d\u2019am\u00e9liorer les conditions de vie des fonctionnaires et de leurs familles, de veiller \u00e0 la stabilit\u00e9 du climat social et au maintien de la coh\u00e9sion sociale et ce\u00a0dans le cadre de la mise en \u0153uvre des Hautes Orientations Royales visant \u00e0 accorder une attention particuli\u00e8re au capital humain en renfor\u00e7ant les valeurs de solidarit\u00e9, de soutien et l\u2019esprit d\u2019appartenance.<\/p>\n<p class=\"c4\">La premi\u00e8re convention, portant sur le dossier du logement des fonctionnaires, des agents et des employ\u00e9s des organismes sous-tutelle, a \u00e9t\u00e9 sign\u00e9e avec le Groupe Al Omrane. Elle porte sur la construction de 200 logements \u00e0 T\u00e9mara, au sein du lotissement Al Wifaq, d\u00e9di\u00e9s aux fonctionnaires au niveau du Central, des composantes r\u00e9gionales de Rabat-Sal\u00e9-K\u00e9nitra ainsi que des fonctionnaires de la Pr\u00e9fecture Skhirate-T\u00e9mara et de la Province de T\u00e9mara, dans l\u2019objectif de mettre \u00e0 la disposition de cette cat\u00e9gorie cibl\u00e9e des produits abordables \u00e0 des prix pr\u00e9f\u00e9rentiels.<\/p>\n<p class=\"c4\">Quant \u00e0 la deuxi\u00e8me convention, elle a \u00e9galement \u00e9t\u00e9 sign\u00e9e avec le Groupe Al Omrane et porte sur la construction du Club des fonctionnaires dudit minist\u00e8re.<\/p>\n<p class=\"c4\">Ce projet s\u2019\u00e9tale sur une superficie globale de 5 hectares dans la ville nouvelle de Tamesna. Il abritera notamment l\u2019administration du club, une salle de soins infirmiers, des restaurants, un centre de formation, une r\u00e9ception et un centre d\u2019h\u00e9bergement, une piscine couverte, un club pour les enfants, un complexe sportif englobant une piscine couverte et des salles de sport, une salle polyvalente (conf\u00e9rences et f\u00eates) ainsi que des terrains de sport.<\/p>\n<p>Auteur: Soufiane ELAHMAR<br \/>\n<a href=\"http:\/\/www.mapoujda.ma\/fr\/amenagement-du-territoire-national-signature-de-12-contrats-objectifs-pour-la-mise-en-oeuvre-du-plan-de-relance-de-2021\/\">Cliquez ici pour lire l&rsquo;article depuis sa source.<\/a><\/p>\n","protected":false},"excerpt":{"rendered":"<p>Un total de 12 contrats-objectifs r\u00e9gionaux ont \u00e9t\u00e9 sign\u00e9s, mardi \u00e0 Rabat, lors d\u2019une c\u00e9r\u00e9monie pr\u00e9sid\u00e9e par la ministre de l\u2019Am\u00e9nagement du territoire national, de l\u2019Urbanisme, de l\u2019Habitat et de la Politique de la ville, Nouzha Bouchareb, avec les d\u00e9partements r\u00e9gionaux du minist\u00e8re en vue d\u2019accompagner et de suivre de pr\u00e8s la mise en \u0153uvre [&hellip;]<\/p>\n","protected":false},"author":1788,"featured_media":0,"comment_status":"closed","ping_status":"closed","sticky":false,"template":"","format":"standard","meta":{"fifu_image_url":"","fifu_image_alt":"","footnotes":""},"categories":[54,76],"tags":[],"class_list":["post-111862","post","type-post","status-publish","format-standard","hentry","category-maroc","category-regions"],"_links":{"self":[{"href":"https:\/\/linitiative.ca\/International\/wp-json\/wp\/v2\/posts\/111862","targetHints":{"allow":["GET"]}}],"collection":[{"href":"https:\/\/linitiative.ca\/International\/wp-json\/wp\/v2\/posts"}],"about":[{"href":"https:\/\/linitiative.ca\/International\/wp-json\/wp\/v2\/types\/post"}],"author":[{"embeddable":true,"href":"https:\/\/linitiative.ca\/International\/wp-json\/wp\/v2\/users\/1788"}],"replies":[{"embeddable":true,"href":"https:\/\/linitiative.ca\/International\/wp-json\/wp\/v2\/comments?post=111862"}],"version-history":[{"count":0,"href":"https:\/\/linitiative.ca\/International\/wp-json\/wp\/v2\/posts\/111862\/revisions"}],"wp:attachment":[{"href":"https:\/\/linitiative.ca\/International\/wp-json\/wp\/v2\/media?parent=111862"}],"wp:term":[{"taxonomy":"category","embeddable":true,"href":"https:\/\/linitiative.ca\/International\/wp-json\/wp\/v2\/categories?post=111862"},{"taxonomy":"post_tag","embeddable":true,"href":"https:\/\/linitiative.ca\/International\/wp-json\/wp\/v2\/tags?post=111862"}],"curies":[{"name":"wp","href":"https:\/\/api.w.org\/{rel}","templated":true}]}}