{"id":111863,"date":"2021-02-23T09:33:45","date_gmt":"2021-02-23T14:33:45","guid":{"rendered":"https:\/\/linitiative.ca\/International\/logistique-gefco-inaugure-son-entrepot-a-tanger-med\/"},"modified":"2021-02-23T09:33:45","modified_gmt":"2021-02-23T14:33:45","slug":"logistique-gefco-inaugure-son-entrepot-a-tanger-med","status":"publish","type":"post","link":"https:\/\/linitiative.ca\/International\/logistique-gefco-inaugure-son-entrepot-a-tanger-med\/","title":{"rendered":"Logistique: Gefco inaugure son entrep\u00f4t \u00e0 Tanger Med"},"content":{"rendered":"<p class=\"rtejustify\">Le sp\u00e9cialiste de la logistique, Gefco vient d\u2019inaugurer son entrep\u00f4t dans la Zone logistique de Tanger Med, Medhub, selon le sp\u00e9cialiste de la logistique.<\/p>\n<p class=\"rtejustify\">Il dispose de 11 quais de chargement-d\u00e9chargement et s\u2019\u00e9tend sur plus de 10.000 m2 d\u00e9di\u00e9es au secteur de l\u2019automobile. Le nouvel entrep\u00f4t permettra \u00e0 Gefco d&rsquo;offrir une gamme compl\u00e8te de solutions, incluant la travers\u00e9e du d\u00e9troit de Gibraltar et les services douaniers. Ce site permettra \u00e9galement d&rsquo;\u00e9tendre les solutions de stockage et de transport que le groupe offre \u00e0 un grand nombre de ses clients, notamment dans le secteur industriel.<\/p>\n<p class=\"rtejustify\">Plus de 135 entreprises et \u00e9quipementiers automobiles b\u00e9n\u00e9ficieront de ces nouvelles installations, dont PSA, Continental, Faurecia, 3M, Novares et Valeo.<\/p>\n<p class=\"rtejustify\"><em>A.A<\/em><\/p>\n<p class=\"rtejustify\">\u00a0<\/p>\n<p>Auteur: mbasraoui<br \/>\n<a href=\"https:\/\/www.leconomiste.com\/flash-infos\/logistique-gefco-inaugure-son-entrepot-tanger-med\">Cliquez ici pour lire l&rsquo;article depuis sa source.<\/a><\/p>\n","protected":false},"excerpt":{"rendered":"<p>Le sp\u00e9cialiste de la logistique, Gefco vient d\u2019inaugurer son entrep\u00f4t dans la Zone logistique de Tanger Med, Medhub, selon le sp\u00e9cialiste de la logistique. Il dispose de 11 quais de chargement-d\u00e9chargement et s\u2019\u00e9tend sur plus de 10.000 m2 d\u00e9di\u00e9es au secteur de l\u2019automobile. Le nouvel entrep\u00f4t permettra \u00e0 Gefco d&rsquo;offrir une gamme compl\u00e8te de solutions, [&hellip;]<\/p>\n","protected":false},"author":1763,"featured_media":0,"comment_status":"closed","ping_status":"closed","sticky":false,"template":"","format":"standard","meta":{"fifu_image_url":"","fifu_image_alt":"","footnotes":""},"categories":[78,54],"tags":[],"class_list":["post-111863","post","type-post","status-publish","format-standard","hentry","category-economie","category-maroc"],"_links":{"self":[{"href":"https:\/\/linitiative.ca\/International\/wp-json\/wp\/v2\/posts\/111863","targetHints":{"allow":["GET"]}}],"collection":[{"href":"https:\/\/linitiative.ca\/International\/wp-json\/wp\/v2\/posts"}],"about":[{"href":"https:\/\/linitiative.ca\/International\/wp-json\/wp\/v2\/types\/post"}],"author":[{"embeddable":true,"href":"https:\/\/linitiative.ca\/International\/wp-json\/wp\/v2\/users\/1763"}],"replies":[{"embeddable":true,"href":"https:\/\/linitiative.ca\/International\/wp-json\/wp\/v2\/comments?post=111863"}],"version-history":[{"count":0,"href":"https:\/\/linitiative.ca\/International\/wp-json\/wp\/v2\/posts\/111863\/revisions"}],"wp:attachment":[{"href":"https:\/\/linitiative.ca\/International\/wp-json\/wp\/v2\/media?parent=111863"}],"wp:term":[{"taxonomy":"category","embeddable":true,"href":"https:\/\/linitiative.ca\/International\/wp-json\/wp\/v2\/categories?post=111863"},{"taxonomy":"post_tag","embeddable":true,"href":"https:\/\/linitiative.ca\/International\/wp-json\/wp\/v2\/tags?post=111863"}],"curies":[{"name":"wp","href":"https:\/\/api.w.org\/{rel}","templated":true}]}}