{"id":111864,"date":"2021-02-23T10:14:35","date_gmt":"2021-02-23T15:14:35","guid":{"rendered":"https:\/\/linitiative.ca\/International\/secondaire-le-plan-de-formation-des-cadres-pedagogiques-deploye\/"},"modified":"2021-02-23T10:14:35","modified_gmt":"2021-02-23T15:14:35","slug":"secondaire-le-plan-de-formation-des-cadres-pedagogiques-deploye","status":"publish","type":"post","link":"https:\/\/linitiative.ca\/International\/secondaire-le-plan-de-formation-des-cadres-pedagogiques-deploye\/","title":{"rendered":"Secondaire: Le plan de formation des cadres p\u00e9dagogiques d\u00e9ploy\u00e9"},"content":{"rendered":"<p class=\"rtejustify\">Le plan de formation des cadres administratifs et p\u00e9dagogiques entame sa phase de mise en \u0153uvre en vue de renforcer, dans un premier temps, les comp\u00e9tences de 6.000 concern\u00e9s. Selon le d\u00e9partement de l\u2019Education nationale, ces cadres relevant essentiellement des trois Acad\u00e9mies r\u00e9gionales d\u2019\u00e9ducation et de formation (AREF) de F\u00e8s-Mekn\u00e8s, Tanger-T\u00e9touan-Al Hoceima et Marrakech-Safi, sont b\u00e9n\u00e9ficiaires du projet \u00ab\u00a0Education Secondaire\u00a0\u00bb.<\/p>\n<p class=\"rtejustify\">Cette formation sera ensuite g\u00e9n\u00e9ralis\u00e9e sur toutes les acad\u00e9mies. Le programme de formation vise \u00e0 renforcer les capacit\u00e9s et comp\u00e9tences des cadres p\u00e9dagogiques et administratifs exer\u00e7ant au niveau des \u00e9tablissements de l\u2019enseignement secondaire, des directions provinciales, des AREF et des CRMEF concern\u00e9s, ainsi qu\u2019au niveau central. Il permettra d\u2019assurer une mise en \u0153uvre optimale du mod\u00e8le \u00ab\u00a0Lyc\u00e9e Attahadi\u00a0\u00bb, principale composante du projet \u00ab\u00a0Education secondaire\u00a0\u00bb du Compact II.<\/p>\n<p class=\"rtejustify\">Ce dernier b\u00e9n\u00e9ficie d\u2019un budget de 450 millions de dollars financ\u00e9 par les Etats-Unis \u00e0 travers le Millenium challenge corporation (MCC). Sa mise en \u0153uvre est confi\u00e9e \u00e0 l\u2019Agence MCA-Morocco. Pour assurer la formation, quelque 480 formateurs ont \u00e9t\u00e9 s\u00e9lectionn\u00e9s suite \u00e0 un appel \u00e0 candidatures. Ils dispenseront 26 modules couvrant trois principaux domaines : P\u00e9dagogie et didactique, Management et leadership et Modules transversaux.<\/p>\n<p class=\"rtejustify\">\u00a0<\/p>\n<p>Auteur: mbasraoui<br \/>\n<a href=\"https:\/\/www.leconomiste.com\/flash-infos\/secondaire-le-plan-de-formation-des-cadres-pedagogiques-deploye\">Cliquez ici pour lire l&rsquo;article depuis sa source.<\/a><\/p>\n","protected":false},"excerpt":{"rendered":"<p>Le plan de formation des cadres administratifs et p\u00e9dagogiques entame sa phase de mise en \u0153uvre en vue de renforcer, dans un premier temps, les comp\u00e9tences de 6.000 concern\u00e9s. Selon le d\u00e9partement de l\u2019Education nationale, ces cadres relevant essentiellement des trois Acad\u00e9mies r\u00e9gionales d\u2019\u00e9ducation et de formation (AREF) de F\u00e8s-Mekn\u00e8s, Tanger-T\u00e9touan-Al Hoceima et Marrakech-Safi, sont [&hellip;]<\/p>\n","protected":false},"author":1763,"featured_media":0,"comment_status":"closed","ping_status":"closed","sticky":false,"template":"","format":"standard","meta":{"fifu_image_url":"","fifu_image_alt":"","footnotes":""},"categories":[78,54],"tags":[],"class_list":["post-111864","post","type-post","status-publish","format-standard","hentry","category-economie","category-maroc"],"_links":{"self":[{"href":"https:\/\/linitiative.ca\/International\/wp-json\/wp\/v2\/posts\/111864","targetHints":{"allow":["GET"]}}],"collection":[{"href":"https:\/\/linitiative.ca\/International\/wp-json\/wp\/v2\/posts"}],"about":[{"href":"https:\/\/linitiative.ca\/International\/wp-json\/wp\/v2\/types\/post"}],"author":[{"embeddable":true,"href":"https:\/\/linitiative.ca\/International\/wp-json\/wp\/v2\/users\/1763"}],"replies":[{"embeddable":true,"href":"https:\/\/linitiative.ca\/International\/wp-json\/wp\/v2\/comments?post=111864"}],"version-history":[{"count":0,"href":"https:\/\/linitiative.ca\/International\/wp-json\/wp\/v2\/posts\/111864\/revisions"}],"wp:attachment":[{"href":"https:\/\/linitiative.ca\/International\/wp-json\/wp\/v2\/media?parent=111864"}],"wp:term":[{"taxonomy":"category","embeddable":true,"href":"https:\/\/linitiative.ca\/International\/wp-json\/wp\/v2\/categories?post=111864"},{"taxonomy":"post_tag","embeddable":true,"href":"https:\/\/linitiative.ca\/International\/wp-json\/wp\/v2\/tags?post=111864"}],"curies":[{"name":"wp","href":"https:\/\/api.w.org\/{rel}","templated":true}]}}