{"id":111865,"date":"2021-02-23T10:43:33","date_gmt":"2021-02-23T15:43:33","guid":{"rendered":"https:\/\/linitiative.ca\/International\/secours-autoroutier-le-dispositif-bientot-generalise\/"},"modified":"2021-02-23T10:43:33","modified_gmt":"2021-02-23T15:43:33","slug":"secours-autoroutier-le-dispositif-bientot-generalise","status":"publish","type":"post","link":"https:\/\/linitiative.ca\/International\/secours-autoroutier-le-dispositif-bientot-generalise\/","title":{"rendered":"Secours autoroutier: Le dispositif bient\u00f4t g\u00e9n\u00e9ralis\u00e9"},"content":{"rendered":"<p class=\"rtejustify\">Le r\u00e9seau autoroutier sera \u00e9quip\u00e9 de 16 postes de secours d\u2019ici fin 2021. Mardi, Abdelkader Amara, Ministre de l\u2019Equipement, du Transport, de la Logistique et de l\u2019Eau, a inaugur\u00e9 le poste de secours autoroutier de Bouznika, l\u2019un des 16 qui seront lanc\u00e9s cette ann\u00e9e.<\/p>\n<p class=\"rtejustify\">Cette inauguration sera suivie par la mise en service de 8 autres postes (Tanger, Larache, Tit Mellil, Sala Al Jadida, Berrechid, Safi, Marrakech et Argana), en plus de deux autres en cours de construction \u00e0 Amskroud et Khouribga. Ce dispositif permettra d\u2019am\u00e9liorer significativement la dur\u00e9e d\u2019intervention des \u00e9quipes de la Protection Civile sur le r\u00e9seau autoroutier. A noter que cette op\u00e9ration b\u00e9n\u00e9ficie d\u2019un financement de 30 millions de DH.<\/p>\n<p class=\"rtejustify\"><em>E.M.G.<\/em><\/p>\n<p>Auteur: hgueye<br \/>\n<a href=\"https:\/\/www.leconomiste.com\/flash-infos\/secours-autoroutier-le-dispositif-bientot-generalise\">Cliquez ici pour lire l&rsquo;article depuis sa source.<\/a><\/p>\n","protected":false},"excerpt":{"rendered":"<p>Le r\u00e9seau autoroutier sera \u00e9quip\u00e9 de 16 postes de secours d\u2019ici fin 2021. Mardi, Abdelkader Amara, Ministre de l\u2019Equipement, du Transport, de la Logistique et de l\u2019Eau, a inaugur\u00e9 le poste de secours autoroutier de Bouznika, l\u2019un des 16 qui seront lanc\u00e9s cette ann\u00e9e. Cette inauguration sera suivie par la mise en service de 8 [&hellip;]<\/p>\n","protected":false},"author":1763,"featured_media":0,"comment_status":"closed","ping_status":"closed","sticky":false,"template":"","format":"standard","meta":{"fifu_image_url":"","fifu_image_alt":"","footnotes":""},"categories":[78,54],"tags":[],"class_list":["post-111865","post","type-post","status-publish","format-standard","hentry","category-economie","category-maroc"],"_links":{"self":[{"href":"https:\/\/linitiative.ca\/International\/wp-json\/wp\/v2\/posts\/111865","targetHints":{"allow":["GET"]}}],"collection":[{"href":"https:\/\/linitiative.ca\/International\/wp-json\/wp\/v2\/posts"}],"about":[{"href":"https:\/\/linitiative.ca\/International\/wp-json\/wp\/v2\/types\/post"}],"author":[{"embeddable":true,"href":"https:\/\/linitiative.ca\/International\/wp-json\/wp\/v2\/users\/1763"}],"replies":[{"embeddable":true,"href":"https:\/\/linitiative.ca\/International\/wp-json\/wp\/v2\/comments?post=111865"}],"version-history":[{"count":0,"href":"https:\/\/linitiative.ca\/International\/wp-json\/wp\/v2\/posts\/111865\/revisions"}],"wp:attachment":[{"href":"https:\/\/linitiative.ca\/International\/wp-json\/wp\/v2\/media?parent=111865"}],"wp:term":[{"taxonomy":"category","embeddable":true,"href":"https:\/\/linitiative.ca\/International\/wp-json\/wp\/v2\/categories?post=111865"},{"taxonomy":"post_tag","embeddable":true,"href":"https:\/\/linitiative.ca\/International\/wp-json\/wp\/v2\/tags?post=111865"}],"curies":[{"name":"wp","href":"https:\/\/api.w.org\/{rel}","templated":true}]}}