{"id":111866,"date":"2021-02-23T11:47:27","date_gmt":"2021-02-23T16:47:27","guid":{"rendered":"https:\/\/linitiative.ca\/International\/bouchareb-signe-deux-conventions-avec-al-omrane\/"},"modified":"2021-02-23T11:47:27","modified_gmt":"2021-02-23T16:47:27","slug":"bouchareb-signe-deux-conventions-avec-al-omrane","status":"publish","type":"post","link":"https:\/\/linitiative.ca\/International\/bouchareb-signe-deux-conventions-avec-al-omrane\/","title":{"rendered":"Bouchareb signe deux conventions avec Al Omrane"},"content":{"rendered":"<p class=\"rtejustify\">Nouzha Bouchareb, ministre de l\u2019Am\u00e9nagement du territoire national, de l\u2019urbanisme, de l\u2019habitat et de la politique de la ville, a sign\u00e9, ce mardi, deux conventions \u00e0 vocation sociale.<\/p>\n<p class=\"rtejustify\">La premi\u00e8re, sign\u00e9e avec le Groupe Al Omrane, porte sur le dossier du logement des fonctionnaires, des agents et des employ\u00e9s des organismes sous-tutelle. Elle vise la construction de 200 logements \u00e0 T\u00e9mara, au sein du lotissement Al Wifaq d\u00e9di\u00e9s aux fonctionnaires au niveau du central, des composantes r\u00e9gionales de Rabat-Sal\u00e9-K\u00e9nitra ainsi que des fonctionnaires de la pr\u00e9fecture Skhirate-T\u00e9mara, pr\u00e9cise un communiqu\u00e9 du minist\u00e8re.<\/p>\n<p class=\"rtejustify\">Ce dernier rappelle que l\u2019objectif de cette initiative \u00abest de mettre \u00e0 la disposition de cette cat\u00e9gorie cibl\u00e9e des produits abordables, \u00e0 des prix pr\u00e9f\u00e9rentiels \u00bb. Conclue \u00e9galement avec le Groupe Al Omrane, la deuxi\u00e8me convention porte sur la construction du Club des fonctionnaires du minist\u00e8re de l\u2019Am\u00e9nagement du territoire national, de l\u2019urbanisme, de l\u2019habitat et de la politique de la ville et des organismes sous-tutelle.<\/p>\n<p class=\"rtejustify\">Un projet qui sera r\u00e9alis\u00e9 sur une superficie globale de 5 hectares au sein de la ville nouvelle de Tamesna.<\/p>\n<p class=\"rtejustify\"><em>N.E.A.<\/em><\/p>\n<p class=\"rtejustify\">\u00a0<\/p>\n<p>Auteur: mbasraoui<br \/>\n<a href=\"https:\/\/www.leconomiste.com\/flash-infos\/bouchareb-signe-deux-conventions-avec-al-omrane\">Cliquez ici pour lire l&rsquo;article depuis sa source.<\/a><\/p>\n","protected":false},"excerpt":{"rendered":"<p>Nouzha Bouchareb, ministre de l\u2019Am\u00e9nagement du territoire national, de l\u2019urbanisme, de l\u2019habitat et de la politique de la ville, a sign\u00e9, ce mardi, deux conventions \u00e0 vocation sociale. La premi\u00e8re, sign\u00e9e avec le Groupe Al Omrane, porte sur le dossier du logement des fonctionnaires, des agents et des employ\u00e9s des organismes sous-tutelle. Elle vise la [&hellip;]<\/p>\n","protected":false},"author":1763,"featured_media":0,"comment_status":"closed","ping_status":"closed","sticky":false,"template":"","format":"standard","meta":{"fifu_image_url":"","fifu_image_alt":"","footnotes":""},"categories":[78,54],"tags":[],"class_list":["post-111866","post","type-post","status-publish","format-standard","hentry","category-economie","category-maroc"],"_links":{"self":[{"href":"https:\/\/linitiative.ca\/International\/wp-json\/wp\/v2\/posts\/111866","targetHints":{"allow":["GET"]}}],"collection":[{"href":"https:\/\/linitiative.ca\/International\/wp-json\/wp\/v2\/posts"}],"about":[{"href":"https:\/\/linitiative.ca\/International\/wp-json\/wp\/v2\/types\/post"}],"author":[{"embeddable":true,"href":"https:\/\/linitiative.ca\/International\/wp-json\/wp\/v2\/users\/1763"}],"replies":[{"embeddable":true,"href":"https:\/\/linitiative.ca\/International\/wp-json\/wp\/v2\/comments?post=111866"}],"version-history":[{"count":0,"href":"https:\/\/linitiative.ca\/International\/wp-json\/wp\/v2\/posts\/111866\/revisions"}],"wp:attachment":[{"href":"https:\/\/linitiative.ca\/International\/wp-json\/wp\/v2\/media?parent=111866"}],"wp:term":[{"taxonomy":"category","embeddable":true,"href":"https:\/\/linitiative.ca\/International\/wp-json\/wp\/v2\/categories?post=111866"},{"taxonomy":"post_tag","embeddable":true,"href":"https:\/\/linitiative.ca\/International\/wp-json\/wp\/v2\/tags?post=111866"}],"curies":[{"name":"wp","href":"https:\/\/api.w.org\/{rel}","templated":true}]}}