{"id":111869,"date":"2021-02-23T10:40:00","date_gmt":"2021-02-23T15:40:00","guid":{"rendered":"https:\/\/linitiative.ca\/International\/des-pays-riches-accuses-de-saper-le-dispositif-covax\/"},"modified":"2021-02-23T10:40:00","modified_gmt":"2021-02-23T15:40:00","slug":"des-pays-riches-accuses-de-saper-le-dispositif-covax","status":"publish","type":"post","link":"https:\/\/linitiative.ca\/International\/des-pays-riches-accuses-de-saper-le-dispositif-covax\/","title":{"rendered":"Des pays riches accus\u00e9s  de saper le dispositif Covax"},"content":{"rendered":"<p class=\"p1 c3\"><span class=\"c2\"><strong>Le Temps- Le patron de l&rsquo;OMS a accus\u00e9 hier certains pays riches de \u00ab\u00a0saper\u00a0\u00bb le dispositif de distribution de vaccins anti-Covid, Covax, destin\u00e9 notamment au pays d\u00e9favoris\u00e9s, en persistant \u00e0 approcher directement les fabricants pour avoir acc\u00e8s \u00e0 davantage de doses.<\/strong><\/span><\/p>\n<p class=\"p1 c4\"><span class=\"c2\">\u00ab\u00a0Certains pays riches sont actuellement en train d&rsquo;approcher les fabricants pour s&rsquo;assurer l&rsquo;acc\u00e8s \u00e0 des doses de vaccins suppl\u00e9mentaires, ce qui a un effet sur les contrats avec Covax,\u00a0\u00bb a d\u00e9clar\u00e9 le directeur g\u00e9n\u00e9ral, Tedros Adhanom Ghebreyesus lors d&rsquo;une conf\u00e9rence de presse commune par visioconf\u00e9rence avec le pr\u00e9sident allemand, Frank-Walter Steinmeier.<\/span><\/p>\n<p class=\"p1 c4\"><span class=\"c2\">\u00ab\u00a0Le nombre de doses allou\u00e9es \u00e0 Covax a \u00e9t\u00e9 r\u00e9duit \u00e0 cause de cela,\u00a0\u00bb a-t-il ajout\u00e9.<\/span><\/p>\n<p class=\"p1 c4\"><span class=\"c2\">Le syst\u00e8me Covax a \u00e9t\u00e9 mis en place pour tenter d&rsquo;\u00e9viter que les pays riches ne s&rsquo;accaparent l&rsquo;ensemble des doses de vaccin qui sont encore fabriqu\u00e9es en quantit\u00e9s trop r\u00e9duites pour r\u00e9pondre \u00e0 la demande mondiale.<\/span><\/p>\n<p class=\"p1 c4\"><span class=\"c2\">Le syst\u00e8me Covax comprend notamment un m\u00e9canisme de financement qui doit permettre \u00e0 92 \u00e9conomies \u00e0 faible et moyen revenu d&rsquo;avoir acc\u00e8s aux vaccins.<\/span><\/p>\n<p class=\"p1 c4\"><span class=\"c2\">Mais la p\u00e9nurie de vaccins fait que les premi\u00e8res distributions aux pays d\u00e9munis ne devraient pas avoir lieu avant la fin du mois quand dans beaucoup de pays riches les campagnes de vaccination ont commenc\u00e9 fin 2020.<\/span><\/p>\n<p class=\"p2 c5\">\u00a0<\/p>\n<p class=\"p3 c6\"><span class=\"c2\"><strong>Augmenter la production<span class=\"Apple-converted-space\">\u00a0<\/span><\/strong><\/span><\/p>\n<p class=\"p1 c4\"><span class=\"c2\">R\u00e9pondant \u00e0 une question sur les engagements cons\u00e9quents pris par les Etats-Unis, l&rsquo;Union europ\u00e9enne et l&rsquo;Allemagne d&rsquo;augmenter sensiblement leur contribution \u00e0 Covax, le directeur g\u00e9n\u00e9ral a laiss\u00e9 para\u00eetre sa frustration.<\/span><\/p>\n<p class=\"p1 c4\"><span class=\"c2\">\u00ab\u00a0Avoir l&rsquo;argent ne veut rien dire, si vous ne pouvez pas l&rsquo;utiliser pour acheter des vaccins\u00a0\u00bb, a-t-il dit.<\/span><\/p>\n<p class=\"p1 c4\"><span class=\"c2\">\u00ab\u00a0Nous pouvons seulement livrer des vaccins aux pays membres de Covax si les pays riches coop\u00e8rent en respectant les contrats pass\u00e9s par Covax\u00a0\u00bb, a-t-il insist\u00e9, enjoignant \u00e0 ces pays, qu&rsquo;il n&rsquo;a pas cit\u00e9s, de s&rsquo;assurer que leur comportement ne sape pas le syst\u00e8me de distribution chapeaut\u00e9 entre autres par l&rsquo;Organisation mondiale pour la sant\u00e9 (OMS) et l&rsquo;alliance pour les vaccins (Gavi).<\/span><\/p>\n<p class=\"p1 c4\"><span class=\"c2\">Et de l\u00e2cher : \u00ab\u00a0Mais je ne pense pas qu&rsquo;ils se posent la question\u00a0\u00bb.<\/span><\/p>\n<p class=\"p1 c4\"><span class=\"c2\">Frank-Walter Steinmeier a lui aussi plaid\u00e9 pour que les vaccins soient plus largement distribu\u00e9s, pour des raisons morales mais aussi parce que c&rsquo;est dans l&rsquo;int\u00e9r\u00eat bien compris de tous d&rsquo;\u00e9radiquer le virus rapidement, pour \u00e9viter que des variants, parfois plus dangereux, ne continuent d&rsquo;\u00e9clore un peu partout.<\/span><\/p>\n<p class=\"p1 c4\"><span class=\"c2\">Mais, a-t-il reconnu, \u00ab\u00a0les gouvernements ont d&rsquo;abord et avant tout une obligation envers leur population\u00a0\u00bb.<\/span><\/p>\n<p class=\"p1 c4\"><span class=\"c2\">Le Dr Tedros a apport\u00e9 son soutien \u00e0 l&rsquo;id\u00e9e de suspendre la propri\u00e9t\u00e9 intellectuelle sur les vaccins anti-Covid pour pouvoir rapidement augmenter leur production. Une proposition dans ce sens est discut\u00e9e depuis l&rsquo;ann\u00e9e derni\u00e8re \u00e0 l&rsquo;Organisation mondiale du commerce mais elle est fermement contest\u00e9e par l&rsquo;industrie pharmaceutique et un certain nombre de grands pays o\u00f9 celle-ci est bas\u00e9e.<\/span><\/p>\n<p class=\"p1 c4\"><span class=\"c2\">Il a aussi appel\u00e9 les fabricants qui ne produisent pas leur propre vaccin anti-Covid \u00e0 mettre leurs capacit\u00e9s de production \u00e0 disposition de leurs concurrents, \u00e0 l&rsquo;instar d&rsquo;une initiative prise par le Fran\u00e7ais Sanofi.<\/span><\/p>\n<p class=\"p1 c4\"><span class=\"c2\">\u00ab\u00a0Des licences non-exclusives seraient un moyen suppl\u00e9mentaire\u00a0\u00bb de produire plus vite, a-t-il expliqu\u00e9, reconnaissant que tant qu&rsquo;il y aurait p\u00e9nurie les gens resteraient sourds \u00e0 l&rsquo;appel \u00e0 partager les vaccins avec l&rsquo;ensemble de la communaut\u00e9 internationale.<\/span><\/p>\n<p class=\"p1 c4\"><span class=\"c2\">Merkel propose un d\u00e9confinement en trois \u00e9tapes<\/span><\/p>\n<p class=\"p1 c4\"><span class=\"c2\">La chanceli\u00e8re allemande Angela Merkel souhaite un d\u00e9confinement progressif \u00e0 mesure que les tests de d\u00e9pistage augmentent, a-t-elle d\u00e9clar\u00e9 lors d&rsquo;une r\u00e9union de son parti, selon deux participants.<\/span><\/p>\n<p class=\"p1 c4\"><span class=\"c2\">La chanceli\u00e8re veut un d\u00e9confinement en trois \u00e9tapes, en commen\u00e7ant par lever les restrictions de contacts entre individus, suivi par une r\u00e9ouverture des \u00e9tablissements scolaires et professionnels. Enfin, les activit\u00e9s sportives seraient \u00e0 nouveau permises et les restaurants et lieux culturels pourraient rouvrir, indiquent ces sources.<\/span><\/p>\n<p class=\"p1 c4\"><span class=\"c2\">Angela Merkel a d\u00e9clar\u00e9 \u00e0 la r\u00e9union qu&rsquo;il \u00e9tait important que les mesures visant \u00e0 lever les restrictions n&rsquo;entra\u00eenent pas de nouveaux revers en provoquant une nouvelle propagation des variantes du virus.<\/span><\/p>\n<p class=\"p1 c4\"><span class=\"c2\">L&rsquo;Allemagne a prolong\u00e9 les restrictions visant \u00e0 freiner la propagation du coronavirus jusqu&rsquo;au 7 mars. Les \u00e9coles primaires et les cr\u00e8ches ont toutefois pu commencer \u00e0 rouvrir dans dix L\u00e4nders hier et les salons de coiffure doivent rouvrir leurs portes la semaine prochaine.<\/span><\/p>\n<p class=\"p1 c3\">\u00a0<\/p>\n<p class=\"p1 c4\"><span class=\"c2\">Le nombre de nouvelles infections quotidiennes a stagn\u00e9 au cours de la derni\u00e8re semaine, le taux d&rsquo;incidence sur sept jours oscillant autour de 60 cas pour 100.000. Hier, l&rsquo;Allemagne a fait \u00e9tat de 4.369 nouvelles infections et de 62 d\u00e9c\u00e8s suppl\u00e9mentaires.<\/span><\/p>\n<p>Auteur: letemps1<br \/>\n<a href=\"http:\/\/www.letemps.com.tn\/article\/119409\/des-pays-riches-accus%C3%A9s-de-saper-le-dispositif-covax\">Cliquez ici pour lire l&rsquo;article depuis sa source.<\/a><\/p>\n","protected":false},"excerpt":{"rendered":"<p>Le Temps- Le patron de l&rsquo;OMS a accus\u00e9 hier certains pays riches de \u00ab\u00a0saper\u00a0\u00bb le dispositif de distribution de vaccins anti-Covid, Covax, destin\u00e9 notamment au pays d\u00e9favoris\u00e9s, en persistant \u00e0 approcher directement les fabricants pour avoir acc\u00e8s \u00e0 davantage de doses. \u00ab\u00a0Certains pays riches sont actuellement en train d&rsquo;approcher les fabricants pour s&rsquo;assurer l&rsquo;acc\u00e8s \u00e0 [&hellip;]<\/p>\n","protected":false},"author":1773,"featured_media":0,"comment_status":"closed","ping_status":"closed","sticky":false,"template":"","format":"standard","meta":{"fifu_image_url":"","fifu_image_alt":"","footnotes":""},"categories":[73,55],"tags":[],"class_list":["post-111869","post","type-post","status-publish","format-standard","hentry","category-actualite","category-tunisie"],"_links":{"self":[{"href":"https:\/\/linitiative.ca\/International\/wp-json\/wp\/v2\/posts\/111869","targetHints":{"allow":["GET"]}}],"collection":[{"href":"https:\/\/linitiative.ca\/International\/wp-json\/wp\/v2\/posts"}],"about":[{"href":"https:\/\/linitiative.ca\/International\/wp-json\/wp\/v2\/types\/post"}],"author":[{"embeddable":true,"href":"https:\/\/linitiative.ca\/International\/wp-json\/wp\/v2\/users\/1773"}],"replies":[{"embeddable":true,"href":"https:\/\/linitiative.ca\/International\/wp-json\/wp\/v2\/comments?post=111869"}],"version-history":[{"count":0,"href":"https:\/\/linitiative.ca\/International\/wp-json\/wp\/v2\/posts\/111869\/revisions"}],"wp:attachment":[{"href":"https:\/\/linitiative.ca\/International\/wp-json\/wp\/v2\/media?parent=111869"}],"wp:term":[{"taxonomy":"category","embeddable":true,"href":"https:\/\/linitiative.ca\/International\/wp-json\/wp\/v2\/categories?post=111869"},{"taxonomy":"post_tag","embeddable":true,"href":"https:\/\/linitiative.ca\/International\/wp-json\/wp\/v2\/tags?post=111869"}],"curies":[{"name":"wp","href":"https:\/\/api.w.org\/{rel}","templated":true}]}}