{"id":111872,"date":"2021-02-23T10:50:00","date_gmt":"2021-02-23T15:50:00","guid":{"rendered":"https:\/\/linitiative.ca\/International\/il-faut-se-mefier-du-css-et-du-raja-entre-autres\/"},"modified":"2021-02-23T10:50:00","modified_gmt":"2021-02-23T15:50:00","slug":"il-faut-se-mefier-du-css-et-du-raja-entre-autres","status":"publish","type":"post","link":"https:\/\/linitiative.ca\/International\/il-faut-se-mefier-du-css-et-du-raja-entre-autres\/","title":{"rendered":"\u00abIl faut se m\u00e9fier du CSS et du Raja, entre autres\u00a0!\u00bb"},"content":{"rendered":"<p class=\"p1 c3\"><span class=\"c2\">L\u2019ES S\u00e9tif s\u2019est qualifi\u00e9e dimanche pour la phase des poules de la Coupe de la Conf\u00e9d\u00e9ration Africaine en \u00e9liminant les ghan\u00e9ens de l\u2019Asante Kototo (1-2, 0-0). Une qualification f\u00eat\u00e9e par les S\u00e9tifiens qui seront pr\u00e9sents en phase des poules aux c\u00f4t\u00e9s de la JS Kabylie.<\/span><\/p>\n<p class=\"p1 c3\"><span class=\"c2\">L\u2019entraineur de l\u2019ESS, Nabil Kouki, s\u2019est f\u00e9licit\u00e9, apr\u00e8s le match des siens face \u00e0 l\u2019Asante Koto, de la qualification d\u00e9croch\u00e9e :<\/span><\/p>\n<p class=\"p1 c3\"><span class=\"c2\">\u00abJe f\u00e9licite mes joueurs pour cette qualification amplement m\u00e9rit\u00e9e \u00e0 la phase des poules. Nous avons eu plusieurs situations de buts, que ce soit en premi\u00e8re ou en deuxi\u00e8me p\u00e9riode. Je pense qu\u2019on a fait l\u2019essentiel face \u00e0 un adversaire tr\u00e8s respectable qui renferme de joueurs de qualit\u00e9s et qui sont techniquement au-dessus de la moyenne. Certes, d\u00e9fensivement, ils ne sont pas vraiment au top, mais leur milieux et les attaquants ghan\u00e9ens sont tr\u00e8s bons. \u00bb,\u00a0a fait savoir l\u2019entraineur tunisien apr\u00e8s le match.<\/span><\/p>\n<p class=\"p1 c3\"><span class=\"c2\">Kouki estime, par ailleurs, son \u00e9quipe pr\u00eate \u00e0 affronter n\u2019importe quelle formation en poules<\/span><\/p>\n<p class=\"p1 c3\"><span class=\"c2\">\u00abVous savez, m\u00eame en Coupe de la CAF le niveau est \u00e9lev\u00e9, car on y trouve les formations de Sfax, du Raja Casablanca<span class=\"Apple-converted-space\">\u00a0<\/span> etc&#8230; donc, ce sont des \u00e9quipes redoutables. Pour autant, nous sommes par\u00e9s \u00e0 toutes les \u00e9ventualit\u00e9s. Nous allons nous pr\u00e9parer convenablement pour ces quarts de finale. \u00bb<\/span><\/p>\n<p>Auteur: letemps1<br \/>\n<a href=\"http:\/\/www.letemps.com.tn\/article\/119412\/%C2%ABil-faut-se-m%C3%A9fier-du-css-et-du-raja-entre-autres%C2%A0%C2%BB\">Cliquez ici pour lire l&rsquo;article depuis sa source.<\/a><\/p>\n","protected":false},"excerpt":{"rendered":"<p>L\u2019ES S\u00e9tif s\u2019est qualifi\u00e9e dimanche pour la phase des poules de la Coupe de la Conf\u00e9d\u00e9ration Africaine en \u00e9liminant les ghan\u00e9ens de l\u2019Asante Kototo (1-2, 0-0). Une qualification f\u00eat\u00e9e par les S\u00e9tifiens qui seront pr\u00e9sents en phase des poules aux c\u00f4t\u00e9s de la JS Kabylie. L\u2019entraineur de l\u2019ESS, Nabil Kouki, s\u2019est f\u00e9licit\u00e9, apr\u00e8s le match [&hellip;]<\/p>\n","protected":false},"author":1773,"featured_media":0,"comment_status":"closed","ping_status":"closed","sticky":false,"template":"","format":"standard","meta":{"fifu_image_url":"","fifu_image_alt":"","footnotes":""},"categories":[73,55],"tags":[],"class_list":["post-111872","post","type-post","status-publish","format-standard","hentry","category-actualite","category-tunisie"],"_links":{"self":[{"href":"https:\/\/linitiative.ca\/International\/wp-json\/wp\/v2\/posts\/111872","targetHints":{"allow":["GET"]}}],"collection":[{"href":"https:\/\/linitiative.ca\/International\/wp-json\/wp\/v2\/posts"}],"about":[{"href":"https:\/\/linitiative.ca\/International\/wp-json\/wp\/v2\/types\/post"}],"author":[{"embeddable":true,"href":"https:\/\/linitiative.ca\/International\/wp-json\/wp\/v2\/users\/1773"}],"replies":[{"embeddable":true,"href":"https:\/\/linitiative.ca\/International\/wp-json\/wp\/v2\/comments?post=111872"}],"version-history":[{"count":0,"href":"https:\/\/linitiative.ca\/International\/wp-json\/wp\/v2\/posts\/111872\/revisions"}],"wp:attachment":[{"href":"https:\/\/linitiative.ca\/International\/wp-json\/wp\/v2\/media?parent=111872"}],"wp:term":[{"taxonomy":"category","embeddable":true,"href":"https:\/\/linitiative.ca\/International\/wp-json\/wp\/v2\/categories?post=111872"},{"taxonomy":"post_tag","embeddable":true,"href":"https:\/\/linitiative.ca\/International\/wp-json\/wp\/v2\/tags?post=111872"}],"curies":[{"name":"wp","href":"https:\/\/api.w.org\/{rel}","templated":true}]}}