{"id":111873,"date":"2021-02-23T15:14:29","date_gmt":"2021-02-23T20:14:29","guid":{"rendered":"https:\/\/linitiative.ca\/International\/international-barca-le-cauchemar-de-coutinho-continue\/"},"modified":"2021-02-23T15:14:29","modified_gmt":"2021-02-23T20:14:29","slug":"international-barca-le-cauchemar-de-coutinho-continue","status":"publish","type":"post","link":"https:\/\/linitiative.ca\/International\/international-barca-le-cauchemar-de-coutinho-continue\/","title":{"rendered":"International : Bar\u00e7a : Le cauchemar de Coutinho continue"},"content":{"rendered":"<div readability=\"32\">\n<p>Auteur : <span class=\"time\">mardi 23 f\u00e9vrier 2021 15:30<\/span><\/p>\n<\/div>\n<div id=\"post_core\" readability=\"42\">\n<p>Le Br\u00e9silien op\u00e9r\u00e9 d\u00e9but janvier a toujours le genou enfl\u00e9 alors qu\u2019il aurait d\u00e9j\u00e0 d\u00fb entamer sa r\u00e9\u00e9ducation.<\/p>\n<p>Il y a deux semaines d\u00e9j\u00e0, l\u2019ancien de Liverpool avait laiss\u00e9 entendre que les choses ne se passaient pas comme il le souhaitait. Alors qu\u2019il ne devait \u00eatre absent que trois mois pour un retour d\u00e9but avril,\u00a0Mundo Deportivo et Footmercato affirment que Coutinho devrait prendre quelques semaines de retard. On parle d\u00e9sormais d\u2019un retour fin avril voire d\u00e9but mai. La faute \u00e0 un genou qui n&rsquo;a toujours pas totalement gu\u00e9ri depuis l&rsquo;op\u00e9ration. Ronald Koeman va donc devoir faire sans son joueur encore quelque temps.<\/p>\n<p><strong>Publi\u00e9 dans :<\/strong> <span>bar\u00e7a<\/span> <span>Coutinho<\/span><\/p>\n<\/div>\n<p>Auteur:<br \/>\n<a href=\"http:\/\/www.lebuteur.com\/article\/detail?titre=barca-le-cauchemar-de-coutinho-continue&#038;id=99176&#038;utm_source=feedburner&#038;utm_medium=feed&#038;utm_campaign=Feed%3A+GalerieFArtciles+%28Les+derniers+articles++-+lebuteur.com%29\">Cliquez ici pour lire l&rsquo;article depuis sa source.<\/a><\/p>\n","protected":false},"excerpt":{"rendered":"<p>Auteur : mardi 23 f\u00e9vrier 2021 15:30 Le Br\u00e9silien op\u00e9r\u00e9 d\u00e9but janvier a toujours le genou enfl\u00e9 alors qu\u2019il aurait d\u00e9j\u00e0 d\u00fb entamer sa r\u00e9\u00e9ducation. Il y a deux semaines d\u00e9j\u00e0, l\u2019ancien de Liverpool avait laiss\u00e9 entendre que les choses ne se passaient pas comme il le souhaitait. Alors qu\u2019il ne devait \u00eatre absent que [&hellip;]<\/p>\n","protected":false},"author":1738,"featured_media":0,"comment_status":"closed","ping_status":"closed","sticky":false,"template":"","format":"standard","meta":{"fifu_image_url":"\/\/cdn.lebuteur.com\/data\/images\/article\/thumbs\/large-barca-le-cauchemar-de-coutinho-continue-3cd66.jpg","fifu_image_alt":"International : Bar\u00e7a : Le cauchemar de Coutinho continue","footnotes":""},"categories":[53,75],"tags":[],"class_list":["post-111873","post","type-post","status-publish","format-standard","hentry","category-algerie","category-sport"],"_links":{"self":[{"href":"https:\/\/linitiative.ca\/International\/wp-json\/wp\/v2\/posts\/111873","targetHints":{"allow":["GET"]}}],"collection":[{"href":"https:\/\/linitiative.ca\/International\/wp-json\/wp\/v2\/posts"}],"about":[{"href":"https:\/\/linitiative.ca\/International\/wp-json\/wp\/v2\/types\/post"}],"author":[{"embeddable":true,"href":"https:\/\/linitiative.ca\/International\/wp-json\/wp\/v2\/users\/1738"}],"replies":[{"embeddable":true,"href":"https:\/\/linitiative.ca\/International\/wp-json\/wp\/v2\/comments?post=111873"}],"version-history":[{"count":0,"href":"https:\/\/linitiative.ca\/International\/wp-json\/wp\/v2\/posts\/111873\/revisions"}],"wp:attachment":[{"href":"https:\/\/linitiative.ca\/International\/wp-json\/wp\/v2\/media?parent=111873"}],"wp:term":[{"taxonomy":"category","embeddable":true,"href":"https:\/\/linitiative.ca\/International\/wp-json\/wp\/v2\/categories?post=111873"},{"taxonomy":"post_tag","embeddable":true,"href":"https:\/\/linitiative.ca\/International\/wp-json\/wp\/v2\/tags?post=111873"}],"curies":[{"name":"wp","href":"https:\/\/api.w.org\/{rel}","templated":true}]}}