{"id":111874,"date":"2021-02-23T15:14:31","date_gmt":"2021-02-23T20:14:31","guid":{"rendered":"https:\/\/linitiative.ca\/International\/pros-galatasaray-bonne-nouvelle-pour-feghouli\/"},"modified":"2021-02-23T15:14:31","modified_gmt":"2021-02-23T20:14:31","slug":"pros-galatasaray-bonne-nouvelle-pour-feghouli","status":"publish","type":"post","link":"https:\/\/linitiative.ca\/International\/pros-galatasaray-bonne-nouvelle-pour-feghouli\/","title":{"rendered":"Pros : Galatasaray: Bonne nouvelle pour Feghouli"},"content":{"rendered":"<div readability=\"32\">\n<p>Auteur : <span>Riad O.<\/span> <span class=\"time\">mardi 23 f\u00e9vrier 2021 18:22<\/span><\/p>\n<\/div>\n<div id=\"post_core\" readability=\"38\">\n<p>Apr\u00e8s un mois d\u2019absence, Sofiane Feghouli a repris l\u2019entra\u00eenement avec son club du Galatasaray. Ce mardi, le joueur de l\u2019EN a eu le feu vert du staff m\u00e9dical du club turc pour r\u00e9int\u00e9grer le groupe. Absent lors des six derniers matchs de son \u00e9quipe, Feghouli esp\u00e8re effectuer son retour \u00e0 la comp\u00e9tition face \u00e0 BB Erzurumspor.<\/p>\n<p><span class=\"c1\"><strong>Riad O.<\/strong><\/span><\/p>\n<p><strong>Publi\u00e9 dans :<\/strong> <span>Feghouli<\/span><\/p>\n<\/div>\n<p>Auteur:<br \/>\n<a href=\"http:\/\/www.lebuteur.com\/article\/detail?titre=galatasaray-bonne-nouvelle-pour-feghouli&#038;id=99178&#038;utm_source=feedburner&#038;utm_medium=feed&#038;utm_campaign=Feed%3A+GalerieFArtciles+%28Les+derniers+articles++-+lebuteur.com%29\">Cliquez ici pour lire l&rsquo;article depuis sa source.<\/a><\/p>\n","protected":false},"excerpt":{"rendered":"<p>Auteur : Riad O. mardi 23 f\u00e9vrier 2021 18:22 Apr\u00e8s un mois d\u2019absence, Sofiane Feghouli a repris l\u2019entra\u00eenement avec son club du Galatasaray. Ce mardi, le joueur de l\u2019EN a eu le feu vert du staff m\u00e9dical du club turc pour r\u00e9int\u00e9grer le groupe. Absent lors des six derniers matchs de son \u00e9quipe, Feghouli esp\u00e8re [&hellip;]<\/p>\n","protected":false},"author":1738,"featured_media":0,"comment_status":"closed","ping_status":"closed","sticky":false,"template":"","format":"standard","meta":{"fifu_image_url":"\/\/cdn.lebuteur.com\/data\/images\/article\/thumbs\/large-galatasaray-bonne-nouvelle-pour-feghouli-7bf56.jpg","fifu_image_alt":"Pros : Galatasaray: Bonne nouvelle pour Feghouli","footnotes":""},"categories":[53,75],"tags":[],"class_list":["post-111874","post","type-post","status-publish","format-standard","hentry","category-algerie","category-sport"],"_links":{"self":[{"href":"https:\/\/linitiative.ca\/International\/wp-json\/wp\/v2\/posts\/111874","targetHints":{"allow":["GET"]}}],"collection":[{"href":"https:\/\/linitiative.ca\/International\/wp-json\/wp\/v2\/posts"}],"about":[{"href":"https:\/\/linitiative.ca\/International\/wp-json\/wp\/v2\/types\/post"}],"author":[{"embeddable":true,"href":"https:\/\/linitiative.ca\/International\/wp-json\/wp\/v2\/users\/1738"}],"replies":[{"embeddable":true,"href":"https:\/\/linitiative.ca\/International\/wp-json\/wp\/v2\/comments?post=111874"}],"version-history":[{"count":0,"href":"https:\/\/linitiative.ca\/International\/wp-json\/wp\/v2\/posts\/111874\/revisions"}],"wp:attachment":[{"href":"https:\/\/linitiative.ca\/International\/wp-json\/wp\/v2\/media?parent=111874"}],"wp:term":[{"taxonomy":"category","embeddable":true,"href":"https:\/\/linitiative.ca\/International\/wp-json\/wp\/v2\/categories?post=111874"},{"taxonomy":"post_tag","embeddable":true,"href":"https:\/\/linitiative.ca\/International\/wp-json\/wp\/v2\/tags?post=111874"}],"curies":[{"name":"wp","href":"https:\/\/api.w.org\/{rel}","templated":true}]}}