{"id":111875,"date":"2021-02-23T15:14:33","date_gmt":"2021-02-23T20:14:33","guid":{"rendered":"https:\/\/linitiative.ca\/International\/pros-hamache-accuse-le-coup\/"},"modified":"2021-02-23T15:14:33","modified_gmt":"2021-02-23T20:14:33","slug":"pros-hamache-accuse-le-coup","status":"publish","type":"post","link":"https:\/\/linitiative.ca\/International\/pros-hamache-accuse-le-coup\/","title":{"rendered":"Pros : Hamache accuse le coup"},"content":{"rendered":"<div readability=\"32\">\n<p>Auteur : <span>Moumen A.<\/span> <span class=\"time\">mardi 23 f\u00e9vrier 2021 19:00<\/span><\/p>\n<\/div>\n<div id=\"post_core\" readability=\"38\">\n<p>Le changement d\u2019entraineur op\u00e9r\u00e9 \u00e0 la t\u00eate de la barre technique de Boavista Porto ne semble pas trop arrang\u00e9 l\u2019arri\u00e8re gauche alg\u00e9rien Yanis Hamache. Ce dernier est devenu un second choix avec son club voir m\u00eame un troisi\u00e8me choix. Avant-hier le joueur de Nice, n\u2019a pas \u00e9t\u00e9 convoqu\u00e9. Dans le viseur du coach Belmadi Hamache, doit vite se ressaisir et reprendre du temps de jeu pour esp\u00e9rer gagner son \u00e9gard en pr\u00e9vision du prochain stage des Verts, le mois de mars prochain.<\/p>\n<p><strong>Moumen A.<\/strong><\/p>\n<p><strong>Publi\u00e9 dans :<\/strong> <span>Hamache<\/span><\/p>\n<\/div>\n<p>Auteur:<br \/>\n<a href=\"http:\/\/www.lebuteur.com\/article\/detail?titre=hamache-accuse-le-coup&#038;id=99179&#038;utm_source=feedburner&#038;utm_medium=feed&#038;utm_campaign=Feed%3A+GalerieFArtciles+%28Les+derniers+articles++-+lebuteur.com%29\">Cliquez ici pour lire l&rsquo;article depuis sa source.<\/a><\/p>\n","protected":false},"excerpt":{"rendered":"<p>Auteur : Moumen A. mardi 23 f\u00e9vrier 2021 19:00 Le changement d\u2019entraineur op\u00e9r\u00e9 \u00e0 la t\u00eate de la barre technique de Boavista Porto ne semble pas trop arrang\u00e9 l\u2019arri\u00e8re gauche alg\u00e9rien Yanis Hamache. Ce dernier est devenu un second choix avec son club voir m\u00eame un troisi\u00e8me choix. Avant-hier le joueur de Nice, n\u2019a pas [&hellip;]<\/p>\n","protected":false},"author":1738,"featured_media":0,"comment_status":"closed","ping_status":"closed","sticky":false,"template":"","format":"standard","meta":{"fifu_image_url":"\/\/cdn.lebuteur.com\/data\/images\/article\/thumbs\/large-hamache-accuse-le-coup-70fea.jpg","fifu_image_alt":"Pros : Hamache accuse le coup","footnotes":""},"categories":[53,75],"tags":[],"class_list":["post-111875","post","type-post","status-publish","format-standard","hentry","category-algerie","category-sport"],"_links":{"self":[{"href":"https:\/\/linitiative.ca\/International\/wp-json\/wp\/v2\/posts\/111875","targetHints":{"allow":["GET"]}}],"collection":[{"href":"https:\/\/linitiative.ca\/International\/wp-json\/wp\/v2\/posts"}],"about":[{"href":"https:\/\/linitiative.ca\/International\/wp-json\/wp\/v2\/types\/post"}],"author":[{"embeddable":true,"href":"https:\/\/linitiative.ca\/International\/wp-json\/wp\/v2\/users\/1738"}],"replies":[{"embeddable":true,"href":"https:\/\/linitiative.ca\/International\/wp-json\/wp\/v2\/comments?post=111875"}],"version-history":[{"count":0,"href":"https:\/\/linitiative.ca\/International\/wp-json\/wp\/v2\/posts\/111875\/revisions"}],"wp:attachment":[{"href":"https:\/\/linitiative.ca\/International\/wp-json\/wp\/v2\/media?parent=111875"}],"wp:term":[{"taxonomy":"category","embeddable":true,"href":"https:\/\/linitiative.ca\/International\/wp-json\/wp\/v2\/categories?post=111875"},{"taxonomy":"post_tag","embeddable":true,"href":"https:\/\/linitiative.ca\/International\/wp-json\/wp\/v2\/tags?post=111875"}],"curies":[{"name":"wp","href":"https:\/\/api.w.org\/{rel}","templated":true}]}}