{"id":111876,"date":"2021-02-23T15:14:36","date_gmt":"2021-02-23T20:14:36","guid":{"rendered":"https:\/\/linitiative.ca\/International\/pros-gary-neville-evoque-la-performance-de-mahrez\/"},"modified":"2021-02-23T15:14:36","modified_gmt":"2021-02-23T20:14:36","slug":"pros-gary-neville-evoque-la-performance-de-mahrez","status":"publish","type":"post","link":"https:\/\/linitiative.ca\/International\/pros-gary-neville-evoque-la-performance-de-mahrez\/","title":{"rendered":"Pros : Gary Neville \u00e9voque la performance de Mahrez !"},"content":{"rendered":"<div readability=\"32\">\n<p>Auteur : <span>Moumen A.<\/span> <span class=\"time\">mardi 23 f\u00e9vrier 2021 19:04<\/span><\/p>\n<\/div>\n<div id=\"post_core\" readability=\"39\">\n<p>Gary Neville, l\u2019ancienne\u00a0 l\u00e9gende de Manchester United, a d\u00e9clar\u00e9 lors de son analyse du match gagn\u00e9 par Manchester City contre Arsenal que l\u2019attaquant alg\u00e9rien des Citizens, Riyad\u00a0\u00a0 Mahrez\u00a0 a \u00e9t\u00e9 brillant. L\u2019ex Red Devilles,\u00a0 estime\u00a0 que Mahrez avait \u00e0 lui seul\u00a0 \u00e9puis\u00e9 la ligne d\u00e9fensive\u00a0 d&rsquo;Arsenal\u00a0 Mahrez a caus\u00e9 d\u2019\u00e9normes probl\u00e8mes \u00e0 l&rsquo;international \u00e9cossais Kieran Tierney.\u00a0 \u00ab\u00a0Mahrez \u00e9tait brillant face \u00e0 Arsenal. Par sa maitrise technique\u00a0 parfaite il a mis en difficult\u00e9s\u00a0 Tierney.\u00a0 Il a \u00e9t\u00e9 tr\u00e8s dangereux pour la d\u00e9fense d\u2019Arsenal\u00a0\u00bb<\/p>\n<p><strong>Moumen A.<\/strong><\/p>\n<p><strong>Publi\u00e9 dans :<\/strong> <span>Mahrez<\/span><\/p>\n<\/div>\n<p>Auteur:<br \/>\n<a href=\"http:\/\/www.lebuteur.com\/article\/detail?titre=gary-neville-evoque-la-performance-de-mahrez&#038;id=99180&#038;utm_source=feedburner&#038;utm_medium=feed&#038;utm_campaign=Feed%3A+GalerieFArtciles+%28Les+derniers+articles++-+lebuteur.com%29\">Cliquez ici pour lire l&rsquo;article depuis sa source.<\/a><\/p>\n","protected":false},"excerpt":{"rendered":"<p>Auteur : Moumen A. mardi 23 f\u00e9vrier 2021 19:04 Gary Neville, l\u2019ancienne\u00a0 l\u00e9gende de Manchester United, a d\u00e9clar\u00e9 lors de son analyse du match gagn\u00e9 par Manchester City contre Arsenal que l\u2019attaquant alg\u00e9rien des Citizens, Riyad\u00a0\u00a0 Mahrez\u00a0 a \u00e9t\u00e9 brillant. L\u2019ex Red Devilles,\u00a0 estime\u00a0 que Mahrez avait \u00e0 lui seul\u00a0 \u00e9puis\u00e9 la ligne d\u00e9fensive\u00a0 d&rsquo;Arsenal\u00a0 [&hellip;]<\/p>\n","protected":false},"author":1738,"featured_media":0,"comment_status":"closed","ping_status":"closed","sticky":false,"template":"","format":"standard","meta":{"fifu_image_url":"\/\/cdn.lebuteur.com\/data\/images\/article\/thumbs\/large-gary-neville-evoque-la-performance-de-mahrez-13ec8.jpg","fifu_image_alt":"Pros : Gary Neville \u00e9voque la performance de Mahrez !","footnotes":""},"categories":[53,75],"tags":[],"class_list":["post-111876","post","type-post","status-publish","format-standard","hentry","category-algerie","category-sport"],"_links":{"self":[{"href":"https:\/\/linitiative.ca\/International\/wp-json\/wp\/v2\/posts\/111876","targetHints":{"allow":["GET"]}}],"collection":[{"href":"https:\/\/linitiative.ca\/International\/wp-json\/wp\/v2\/posts"}],"about":[{"href":"https:\/\/linitiative.ca\/International\/wp-json\/wp\/v2\/types\/post"}],"author":[{"embeddable":true,"href":"https:\/\/linitiative.ca\/International\/wp-json\/wp\/v2\/users\/1738"}],"replies":[{"embeddable":true,"href":"https:\/\/linitiative.ca\/International\/wp-json\/wp\/v2\/comments?post=111876"}],"version-history":[{"count":0,"href":"https:\/\/linitiative.ca\/International\/wp-json\/wp\/v2\/posts\/111876\/revisions"}],"wp:attachment":[{"href":"https:\/\/linitiative.ca\/International\/wp-json\/wp\/v2\/media?parent=111876"}],"wp:term":[{"taxonomy":"category","embeddable":true,"href":"https:\/\/linitiative.ca\/International\/wp-json\/wp\/v2\/categories?post=111876"},{"taxonomy":"post_tag","embeddable":true,"href":"https:\/\/linitiative.ca\/International\/wp-json\/wp\/v2\/tags?post=111876"}],"curies":[{"name":"wp","href":"https:\/\/api.w.org\/{rel}","templated":true}]}}