{"id":111880,"date":"2021-02-23T07:32:00","date_gmt":"2021-02-23T12:32:00","guid":{"rendered":"https:\/\/linitiative.ca\/International\/un-nouveau-rapport-sur-les-enjeux-du-developpement-durable-par-epson\/"},"modified":"2021-02-23T07:32:00","modified_gmt":"2021-02-23T12:32:00","slug":"un-nouveau-rapport-sur-les-enjeux-du-developpement-durable-par-epson","status":"publish","type":"post","link":"https:\/\/linitiative.ca\/International\/un-nouveau-rapport-sur-les-enjeux-du-developpement-durable-par-epson\/","title":{"rendered":"Un nouveau rapport sur les enjeux du d\u00e9veloppement durable par Epson"},"content":{"rendered":"<p>A l\u2019initiative d\u2019Epson, ce nouveau rapport \u00e9tudie l\u2019\u00e9volution des priorit\u00e9s et des attentes en termes de d\u00e9veloppement durable et de th\u00e9matiques sociales, maintenant et apr\u00e8s la pand\u00e9mie. Le rapport cherche \u00e0 identifier non seulement les mesures prises par les entreprises, mais aussi les opportunit\u00e9s et les menaces li\u00e9es aux attentes de leurs clients et salari\u00e9s. Il analyse \u00e9galement les variations d\u00e9mographiques et r\u00e9gionales.<\/p>\n<p>Le rapport se base sur des recherches men\u00e9es en \u00e9t\u00e9, lors de la pand\u00e9mie de la Covid. Plus de 4 000 personnes, install\u00e9es en Europe et au Moyen-Orient, ont \u00e9t\u00e9 interrog\u00e9es au sujet de leurs actions et attitudes li\u00e9es au d\u00e9veloppement durable<span class=\"c2\"><sup><strong>[1]<\/strong><\/sup><\/span>. Plusieurs d\u00e9bats furent ensuite organis\u00e9s pendant le dernier trimestre de 2020 pour analyser les r\u00e9sultats de cette \u00e9tude.<\/p>\n<p>\u00ab La soci\u00e9t\u00e9 Epson consid\u00e8re depuis longtemps le d\u00e9veloppement durable comme la pierre angulaire de son m\u00e9tier, tant dans le design et la fabrication de ses produits, que dans ses propres comportements et op\u00e9rations commerciales. Nous ne pensons pas \u00eatre les seuls \u00e0 tout mettre en \u0153uvre pour adopter une approche commerciale plus durable, mais la pand\u00e9mie a fait \u00e9voluer de nombreuses priorit\u00e9s, explique Darren Phelps, Vice-Pr\u00e9sident d\u2019Epson Europe. Nous souhaitions apprendre et nous adapter, avec nos partenaires et consommateurs, afin d\u2019\u00e9tudier les opportunit\u00e9s li\u00e9es \u00e0 la technologie, et soutenir des mesures garantissant un avenir plus durable et \u00e9conomiquement viable. Ce rapport partage les informations que nous avons recueillies, \u00e0 la fois pour des actions actuelles et futures, ainsi que les attentes des parties prenantes pouvant affecter la r\u00e9ussite de l\u2019entreprise. \u00bb<\/p>\n<p><span class=\"c3\"><strong>Principaux points \u00e0 retenir<\/strong><\/span><\/p>\n<p>Pendant la crise de la Covid, moins d\u2019un quart des entreprises d\u2019Europe et du Moyen-Orient ont plac\u00e9 les probl\u00e8mes environnementaux et sociaux dans leurs trois priorit\u00e9s principales<\/p>\n<p>Cela va pourtant \u00e0 l\u2019encontre de 71 % de la population, consid\u00e9rant les probl\u00e8mes environnementaux et sociaux comme importants (en tant que client et salari\u00e9) 83 % d\u2019entre eux ont \u00e9galement confirm\u00e9 l\u2019importance des r\u00e9f\u00e9rences environnementales et sociales des produits et services qu\u2019ils ach\u00e8tent personnellement<\/p>\n<p>Les salari\u00e9s au bureau et en t\u00e9l\u00e9travail ont d\u00e9clar\u00e9 que les facteurs environnementaux devaient jouer un r\u00f4le cl\u00e9 dans les outils de travail fournis (70 % des technologies utilis\u00e9es pour le travail \u00e0 domicile doivent \u00eatre durables, consommer peu d\u2019\u00e9nergie ou r\u00e9duire les d\u00e9chets) 81 % des salari\u00e9s ont aussi affirm\u00e9 qu\u2019il \u00e9tait important pour eux que leur employeur soutienne les questions sociales et environnementales<\/p>\n<p>Lorsqu\u2019il s\u2019agit de cr\u00e9er un programme environnemental positif pour l\u2019avenir, les d\u00e9cideurs en mati\u00e8re d\u2019informatique prennent les devants. Cela soutiendra incontestablement les entreprises souhaitant cibler ces probl\u00e8mes suite \u00e0 la crise de la Covid, et les aidera \u00e0 mieux r\u00e9pondre aux attentes des clients, des salari\u00e9s et des parties prenantes<br \/>Les \u00e9carts r\u00e9gionaux et g\u00e9n\u00e9rationnels sont \u00e9vidents, mais une majorit\u00e9 convient que les actions durables et soci\u00e9tales g\u00e9n\u00e8rent des avantages commerciaux<\/p>\n<p><span class=\"c3\"><strong>Plus de d\u00e9tails: Position du d\u00e9veloppement durable : maintenant et apr\u00e8s la Covid<\/strong><\/span><\/p>\n<p>En r\u00e9ponse \u00e0 la pand\u00e9mie de la Covid, les entreprises ont naturellement d\u00fb faire face \u00e0 de nouveaux d\u00e9fis les obligeant \u00e0 red\u00e9finir leurs priorit\u00e9s. Malheureusement, les probl\u00e8mes environnementaux et sociaux ont vraisemblablement \u00e9t\u00e9 mis de c\u00f4t\u00e9 : 76 % des entreprises affirment que ces notions ne figuraient pas parmi leurs trois priorit\u00e9s commerciales principales. Cependant, elles devraient \u00e0 nouveau se concentrer sur ces probl\u00e8mes une fois la crise termin\u00e9e. 65 % d\u2019entre elles d\u00e9clarent vouloir donner plus d\u2019importance \u00e0 ces questions apr\u00e8s la Covid.<\/p>\n<p>En termes de technologies de bureau, d\u00e9veloppement durable et \u00e9conomies peuvent aller de pair. Pourtant, ces solutions sont souvent n\u00e9glig\u00e9es. En effet, associ\u00e9es \u00e0 des tendances macro\u00e9conomiques telles que les \u00e9oliennes et les panneaux solaires, elles donnent un aspect inaccessible et co\u00fbteux au d\u00e9veloppement durable.<\/p>\n<p><span class=\"c3\"><strong>Les d\u00e9cideurs en mati\u00e8re d\u2019informatique sont probablement les champions du d\u00e9veloppement durable<\/strong><\/span><\/p>\n<p>Lorsqu\u2019il s\u2019agit de cr\u00e9er un programme positif pour l\u2019avenir, les d\u00e9cideurs en mati\u00e8re d\u2019informatique prennent les devants : pour 79 % d\u2019entre eux, les questions environnementales et sociales auront davantage d\u2019importance apr\u00e8s la Covid. Cela peut s\u2019expliquer par le fait qu\u2019ils disposent d\u2019une meilleure compr\u00e9hension et connaissance des solutions technologiques simples \u00e0 leur disposition, et qu\u2019ils sont aussi mieux plac\u00e9s pour les d\u00e9velopper et en constater l\u2019impact.<\/p>\n<p>\u00ab Nous savons d\u00e9j\u00e0 que, par rapport au laser, la technologie jet d\u2019encre pr\u00e9sente d\u2019\u00e9normes avantages environnementaux. Nous revendiquons ce changement depuis de nombreuses ann\u00e9es, d\u00e9clare Darren Phelps. Par exemple, en rempla\u00e7ant toutes les imprimantes laser d\u2019Europe par des imprimantes jet d\u2019encre professionnelles Z\u00e9ro Chaleur Epson, on \u00e9conomiserait chaque ann\u00e9e assez d\u2019\u00e9nergie pour r\u00e9duire les \u00e9missions de CO2 de 410 millions de kilogrammes et diminuer les co\u00fbts \u00e9nerg\u00e9tiques de 152 millions d\u2019euros par an \u00bb<\/p>\n<p><span class=\"c3\"><strong>L\u2019opportunit\u00e9 du d\u00e9veloppement durable<\/strong><\/span><\/p>\n<p>Pour les entreprises engag\u00e9es en faveur des causes environnementales et sociales, des avantages moins tangibles existent : 82 % des d\u00e9cideurs et 78 % des non-d\u00e9cideurs estiment que ces efforts peuvent sensiblement affecter les performances de l\u2019entreprise.<\/p>\n<p class=\"c4\"><span class=\"c2\"><strong>\u2022<\/strong><\/span> 44 % croient en la perception de la marque<\/p>\n<p class=\"c4\"><span class=\"c2\"><strong>\u2022<\/strong><\/span> 40 % en la fid\u00e9lit\u00e9 des employ\u00e9s<\/p>\n<p class=\"c4\"><span class=\"c2\"><strong>\u2022<\/strong><\/span> 38 % en la productivit\u00e9 des effectifs<\/p>\n<p>De plus, 86 % de ceux qui se concentrent sur les enjeux environnementaux et sociaux pr\u00e9voient une augmentation des b\u00e9n\u00e9fices de l\u2019entreprise au cours de l\u2019ann\u00e9e \u00e0 venir\/des cinq prochaines ann\u00e9es.<\/p>\n<p>Qu\u2019ils soient consommateurs ou clients, 83 % des individus interrog\u00e9s ont \u00e9galement confirm\u00e9 l\u2019importance des r\u00e9f\u00e9rences environnementales et sociales des produits et services qu\u2019ils ach\u00e8tent personnellement. Ces notions sont importantes aux yeux de 81 % des salari\u00e9s, qui souhaitent que leur employeur les soutiennent. Un facteur critique pour la planification de la main-d\u2019\u0153uvre de demain.<\/p>\n<p><span class=\"c3\"><strong>Quel que soit leur \u00e2ge, les employ\u00e9s souhaitent que leurs outils de travail (\u00e0 domicile ou au bureau) soient mieux pris en compte<\/strong><\/span><\/p>\n<p>Concernant les produits fournis, les employ\u00e9s s\u2019attendent \u00e9galement \u00e0 des efforts en termes de d\u00e9veloppement durable. Pour 70 % d\u2019entre eux, il est essentiel qu\u2019ils soient durables, consomment peu d\u2019\u00e9nergie et\/ou permettent de r\u00e9duire les d\u00e9chets.<\/p>\n<p>Plus de 76 % des moins de 22 ans et 71 % des personnes \u00e2g\u00e9es de 23 \u00e0 37 ans s\u2019attendent \u00e0 ce que les enjeux sociaux et environnementaux gagnent en importance apr\u00e8s la Covid, contre 55 % parmi les 54 ans et plus. Malgr\u00e9 l\u2019\u00e9cart g\u00e9n\u00e9rationnel \u00e9vident, c\u2019est la population vieillissante qui cr\u00e9e la demande en termes d\u2019\u00e9conomies d\u2019\u00e9nergie, de long\u00e9vit\u00e9 et de r\u00e9duction des d\u00e9chets pour les produits.<\/p>\n<p><span class=\"c5\"><em>[1] Etude men\u00e9e par B2B International pour le compte d\u2019Epson, juin 2020<\/em><\/span><\/p>\n<p>Auteur:<br \/>\n<a href=\"https:\/\/www.leaders.com.tn\/article\/31479-un-nouveau-rapport-sur-les-enjeux-du-developpement-durable-par-epson\">Cliquez ici pour lire l&rsquo;article depuis sa source.<\/a><\/p>\n","protected":false},"excerpt":{"rendered":"<p>A l\u2019initiative d\u2019Epson, ce nouveau rapport \u00e9tudie l\u2019\u00e9volution des priorit\u00e9s et des attentes en termes de d\u00e9veloppement durable et de th\u00e9matiques sociales, maintenant et apr\u00e8s la pand\u00e9mie. Le rapport cherche \u00e0 identifier non seulement les mesures prises par les entreprises, mais aussi les opportunit\u00e9s et les menaces li\u00e9es aux attentes de leurs clients et salari\u00e9s. [&hellip;]<\/p>\n","protected":false},"author":1772,"featured_media":0,"comment_status":"closed","ping_status":"closed","sticky":false,"template":"","format":"standard","meta":{"fifu_image_url":"","fifu_image_alt":"","footnotes":""},"categories":[73,55],"tags":[],"class_list":["post-111880","post","type-post","status-publish","format-standard","hentry","category-actualite","category-tunisie"],"_links":{"self":[{"href":"https:\/\/linitiative.ca\/International\/wp-json\/wp\/v2\/posts\/111880","targetHints":{"allow":["GET"]}}],"collection":[{"href":"https:\/\/linitiative.ca\/International\/wp-json\/wp\/v2\/posts"}],"about":[{"href":"https:\/\/linitiative.ca\/International\/wp-json\/wp\/v2\/types\/post"}],"author":[{"embeddable":true,"href":"https:\/\/linitiative.ca\/International\/wp-json\/wp\/v2\/users\/1772"}],"replies":[{"embeddable":true,"href":"https:\/\/linitiative.ca\/International\/wp-json\/wp\/v2\/comments?post=111880"}],"version-history":[{"count":0,"href":"https:\/\/linitiative.ca\/International\/wp-json\/wp\/v2\/posts\/111880\/revisions"}],"wp:attachment":[{"href":"https:\/\/linitiative.ca\/International\/wp-json\/wp\/v2\/media?parent=111880"}],"wp:term":[{"taxonomy":"category","embeddable":true,"href":"https:\/\/linitiative.ca\/International\/wp-json\/wp\/v2\/categories?post=111880"},{"taxonomy":"post_tag","embeddable":true,"href":"https:\/\/linitiative.ca\/International\/wp-json\/wp\/v2\/tags?post=111880"}],"curies":[{"name":"wp","href":"https:\/\/api.w.org\/{rel}","templated":true}]}}