{"id":111882,"date":"2021-02-23T12:19:00","date_gmt":"2021-02-23T17:19:00","guid":{"rendered":"https:\/\/linitiative.ca\/International\/lancien-ministre-othman-kechrid-est-decede\/"},"modified":"2021-02-23T12:19:00","modified_gmt":"2021-02-23T17:19:00","slug":"lancien-ministre-othman-kechrid-est-decede","status":"publish","type":"post","link":"https:\/\/linitiative.ca\/International\/lancien-ministre-othman-kechrid-est-decede\/","title":{"rendered":"L\u2019ancien ministre Othman Kechrid est d\u00e9c\u00e9d\u00e9"},"content":{"rendered":"<p>Il avait boucl\u00e9 le 26 juin dernier son centenaire. L\u2019ancien haut fonctionnaire et ministre de l\u2019Int\u00e9rieur Othman Kechrid s\u2019est \u00e9teint mardi apr\u00e8s-midi. Alah Yerhamou!<\/p>\n<p><span class=\"c2\"><strong>Biographie<\/strong><\/span><\/p>\n<p><span class=\"c3\"><strong>\u2022<\/strong><\/span> N\u00e9 \u00e0 Kairouan le 26 Juin 1920.<\/p>\n<p><span class=\"c3\"><strong>\u2022<\/strong><\/span> Mari\u00e9 p\u00e8re de 7 enfants<\/p>\n<p><span class=\"c3\"><strong><span class=\"c4\">Etudes<\/span><\/strong><\/span><\/p>\n<p><span class=\"c3\"><strong>\u2022<\/strong><\/span> Etudes primaires \u00e0 Hajeb El Ayoun<\/p>\n<p><span class=\"c3\"><strong>\u2022<\/strong><\/span> Etudes secondaires au coll\u00e8ge de Sousse et puis \u00e0 l\u2019\u00e9cole normale de Tunis(promotion 1942)<\/p>\n<p><span class=\"c3\"><strong>\u2022<\/strong><\/span> Etudes Sup\u00e9rieures en droit entamees en 1949\u00a0 apres avoir enseigne a Kairouan en tant qu&rsquo;instituteur puis professeur au Cours complementaire .<\/p>\n<p><span class=\"c3\"><strong>\u2022<\/strong><\/span> Admis(classe 2eme) au concours sur epreuves de recrutement d&rsquo; administrateur du Gouvernement(1953).<\/p>\n<p><span class=\"c5\"><strong>Carri\u00e8re Administrative<\/strong><\/span><\/p>\n<p><span class=\"c6\"><strong>Au sein de l\u2019administration<\/strong><\/span><\/p>\n<p><span class=\"c3\"><strong>\u2022<\/strong><\/span> Instituteur \u00e0 l\u2019\u00e9cole primaire de Testour (1942)<\/p>\n<p><span class=\"c3\"><strong>\u2022<\/strong><\/span> Professeur de Math\u00e9matiques et Sciences Naturelles au cours compl\u00e9mentaire de Kairouan.(1944)<\/p>\n<p><span class=\"c3\"><strong>\u2022<\/strong><\/span> Admis 2\u00e9me au concours sur \u00e9preuves pour le recrutement d\u2019administrateur du gouvernement affect\u00e9 au contr\u00f4le des d\u00e9penses publiques au secr\u00e9tariat g\u00e9n\u00e9ral du gouvernement \u00e0 compter du 16 Novembre 1953<\/p>\n<p><span class=\"c3\"><strong>\u2022<\/strong><\/span> Charg\u00e9 de mission au cabinet du ministre des finances.(1955)<\/p>\n<p><span class=\"c3\"><strong>\u2022<\/strong><\/span> Chef de cabinet du ministre des finances.(16 Avril 1956)<\/p>\n<p><span class=\"c3\"><strong>\u2022<\/strong><\/span> Chef de service de l\u2019Enregistrement.(1er Fevrier 1958)<\/p>\n<p><span class=\"c3\"><strong>\u2022<\/strong><\/span> Sous Directeur des finances ext\u00e9rieures.(16 janvier 1961)<\/p>\n<p><span class=\"c3\"><strong>\u2022<\/strong><\/span> Pr\u00e9sident Directeur G\u00e9n\u00e9ral de l\u2019Office du Commerce de Tunisie.(2 Avril 1962)<\/p>\n<p><span class=\"c3\"><strong>\u2022<\/strong><\/span> Directeur g\u00e9n\u00e9ral Adjoint d\u2019El Bouniane.(1er Fevrier 1967)<\/p>\n<p><span class=\"c3\"><strong>\u2022<\/strong><\/span> Directeur du Commerce.(1er octobre 1967)<\/p>\n<p><span class=\"c3\"><strong>\u2022<\/strong><\/span> Directeur G\u00e9n\u00e9ral des Douanes(23 Aout 1968)<\/p>\n<p><span class=\"c3\"><strong>\u2022<\/strong><\/span> Secr\u00e9taire g\u00e9n\u00e9ral du minist\u00e8re de l\u2019Int\u00e9rieur(3Juillet 1973)<\/p>\n<p><span class=\"c3\"><strong>\u2022<\/strong><\/span> Membre du Conseil \u00e9conomique et social durant quinze ans.<\/p>\n<p><span class=\"c3\"><strong>\u2022<\/strong><\/span> Membre fondateur de l\u2019Ecole nationale d\u2019administration ENA.<\/p>\n<p><span class=\"c3\"><strong>\u2022<\/strong><\/span> Pr\u00e9sident du Jury de plusieurs concours d\u2019administrateurs du gouvernement au sein de l\u2019Ecole nationale d\u2019administration.<\/p>\n<p><span class=\"c6\"><strong>Au sein du N\u00e9o-Destour<\/strong><\/span><\/p>\n<p><span class=\"c3\"><strong>\u2022<\/strong><\/span> Adh\u00e9rent et Militant de base du N\u00e9o-Destour depuis 1942.<\/p>\n<p><span class=\"c3\"><strong>\u2022<\/strong><\/span> Adh\u00e9rent et Militant au sein du mouvement Scout de Tunisie<\/p>\n<p><span class=\"c6\"><strong>Au sein du Gouvernement<\/strong><\/span><\/p>\n<p><span class=\"c3\"><strong>\u2022<\/strong><\/span> Ministre Charg\u00e9 des relations avec l\u2019Assembl\u00e9e Nationale, Secr\u00e9taire G\u00e9n\u00e9ral du Gouvernement.(27 Decembre 1977)<\/p>\n<p><span class=\"c3\"><strong>\u2022<\/strong><\/span> Ministre de l\u2019Int\u00e9rieur (8 Novembre 1979)<\/p>\n<p><span class=\"c3\"><strong>\u2022<\/strong><\/span> Conseiller Technique au Cabinet du Pr\u00e9sident de la R\u00e9publique.(23 Avril 1980)<\/p>\n<p><span class=\"c6\"><strong>Autres responsabilit\u00e9s \u00e9conomiques et sociales<\/strong><\/span><\/p>\n<p><strong>Fondateur des entreprises suivantes:<\/strong><\/p>\n<p><span class=\"c3\"><strong>\u2022<\/strong><\/span> Soci\u00e9t\u00e9 Ellouhoum<\/p>\n<p><span class=\"c3\"><strong>\u2022<\/strong><\/span> Soci\u00e9t\u00e9 Ethimar<\/p>\n<p><span class=\"c3\"><strong>\u2022<\/strong><\/span> Soci\u00e9t\u00e9 des articles populaires SOTAP (Friperie)<\/p>\n<p><span class=\"c3\"><strong>\u2022<\/strong><\/span> Soci\u00e9t\u00e9 de Cellulose de Kasserine<\/p>\n<p><span class=\"c3\"><strong>\u2022<\/strong><\/span> 12 Soci\u00e9t\u00e9s r\u00e9gionales de commerce.<\/p>\n<p><span class=\"c6\"><strong>Principales carateristiques de la carri\u00e8re<\/strong><\/span><\/p>\n<p>Pionnier d\u00e8s l\u2019aube de l\u2019Ind\u00e9pendance dans les domaines \u00e9conomique et financier et a \u00e9t\u00e9 le premier \u00e0 acc\u00e9der aux responsabilit\u00e9s suivantes :<\/p>\n<p><span class=\"c3\"><strong>\u2022<\/strong><\/span> Contr\u00f4le des d\u00e9penses publiques<\/p>\n<p><span class=\"c3\"><strong>\u2022<\/strong><\/span> Chef du cabinet du 1er Ministre des finances de la Tunisie Ind\u00e9pendante<\/p>\n<p><span class=\"c3\"><strong>\u2022<\/strong><\/span> Chef du service de l\u2019enregistrement<\/p>\n<p><span class=\"c3\"><strong>\u2022<\/strong><\/span> Fondateur et Pr\u00e9sident de l\u2019Office du commerce de Tunisie<\/p>\n<p><span class=\"c3\"><strong>\u2022<\/strong><\/span> Administration des Douanes erigee en Direction Generale dotee de Directions Regionales<\/p>\n<p><span class=\"c3\"><strong>\u2022<\/strong><\/span> Secr\u00e9taire G\u00e9n\u00e9ral du Minist\u00e8re de l\u2019Int\u00e9rieur charge\u00a0 notamment du demarrage du programme de la carte d\u2019identit\u00e9 nationale, de la mise en place de la direction de la protection civile et du lancement du programme d&rsquo;informatisation de l\u2019administration du minist\u00e8re.<\/p>\n<p><span class=\"c6\"><strong>D\u00e9corations nationales<\/strong><\/span><\/p>\n<p><span class=\"c3\"><strong>\u2022<\/strong><\/span> Grand Cordon de la R\u00e9publique<\/p>\n<p><span class=\"c3\"><strong>\u2022<\/strong><\/span> Grand Officier de l\u2019Ind\u00e9pendance<\/p>\n<p><span class=\"c3\"><strong>\u2022<\/strong><\/span> M\u00e9daille d\u2019Honneur de la protection civile.<\/p>\n<p><span class=\"c6\"><strong>D\u00e9corations \u00e9trang\u00e8res<\/strong><\/span><\/p>\n<p><span class=\"c3\"><strong>\u2022<\/strong><\/span> Officier de l\u2019Ordre du C\u00e8dre (Liban)<\/p>\n<p><span class=\"c3\"><strong>\u2022<\/strong><\/span> Commandeur de l\u2019Ordre national du Niger<br \/>\u00a0<\/p>\n<p>Auteur:<br \/>\n<a href=\"https:\/\/www.leaders.com.tn\/article\/31484-l-ancien-ministre-othman-kechrid-est-decede\">Cliquez ici pour lire l&rsquo;article depuis sa source.<\/a><\/p>\n","protected":false},"excerpt":{"rendered":"<p>Il avait boucl\u00e9 le 26 juin dernier son centenaire. L\u2019ancien haut fonctionnaire et ministre de l\u2019Int\u00e9rieur Othman Kechrid s\u2019est \u00e9teint mardi apr\u00e8s-midi. Alah Yerhamou! Biographie \u2022 N\u00e9 \u00e0 Kairouan le 26 Juin 1920. \u2022 Mari\u00e9 p\u00e8re de 7 enfants Etudes \u2022 Etudes primaires \u00e0 Hajeb El Ayoun \u2022 Etudes secondaires au coll\u00e8ge de Sousse et [&hellip;]<\/p>\n","protected":false},"author":1772,"featured_media":0,"comment_status":"closed","ping_status":"closed","sticky":false,"template":"","format":"standard","meta":{"fifu_image_url":"","fifu_image_alt":"","footnotes":""},"categories":[73,55],"tags":[],"class_list":["post-111882","post","type-post","status-publish","format-standard","hentry","category-actualite","category-tunisie"],"_links":{"self":[{"href":"https:\/\/linitiative.ca\/International\/wp-json\/wp\/v2\/posts\/111882","targetHints":{"allow":["GET"]}}],"collection":[{"href":"https:\/\/linitiative.ca\/International\/wp-json\/wp\/v2\/posts"}],"about":[{"href":"https:\/\/linitiative.ca\/International\/wp-json\/wp\/v2\/types\/post"}],"author":[{"embeddable":true,"href":"https:\/\/linitiative.ca\/International\/wp-json\/wp\/v2\/users\/1772"}],"replies":[{"embeddable":true,"href":"https:\/\/linitiative.ca\/International\/wp-json\/wp\/v2\/comments?post=111882"}],"version-history":[{"count":0,"href":"https:\/\/linitiative.ca\/International\/wp-json\/wp\/v2\/posts\/111882\/revisions"}],"wp:attachment":[{"href":"https:\/\/linitiative.ca\/International\/wp-json\/wp\/v2\/media?parent=111882"}],"wp:term":[{"taxonomy":"category","embeddable":true,"href":"https:\/\/linitiative.ca\/International\/wp-json\/wp\/v2\/categories?post=111882"},{"taxonomy":"post_tag","embeddable":true,"href":"https:\/\/linitiative.ca\/International\/wp-json\/wp\/v2\/tags?post=111882"}],"curies":[{"name":"wp","href":"https:\/\/api.w.org\/{rel}","templated":true}]}}