{"id":111884,"date":"2021-02-23T05:00:00","date_gmt":"2021-02-23T10:00:00","guid":{"rendered":"https:\/\/linitiative.ca\/International\/des-dizaines-de-refugies-subsahariens-dans-la-ville-de-cherchell\/"},"modified":"2021-02-23T05:00:00","modified_gmt":"2021-02-23T10:00:00","slug":"des-dizaines-de-refugies-subsahariens-dans-la-ville-de-cherchell","status":"publish","type":"post","link":"https:\/\/linitiative.ca\/International\/des-dizaines-de-refugies-subsahariens-dans-la-ville-de-cherchell\/","title":{"rendered":"Des dizaines de r\u00e9fugi\u00e9s subsahariens dans la ville de Cherchell"},"content":{"rendered":"<p>Ce sont les arcades du plus ancien coll\u00e8ge de la ville de Cherchell qui servent d\u2019abris \u00e0 des dizaines de personnes provenant des contr\u00e9es limitrophes d\u2019Afrique. Il s\u2019agit pour la quasi-totalit\u00e9 de refugi\u00e9s subsahariens qui ont prolif\u00e9r\u00e9 ces derni\u00e8res ann\u00e9es, fuyant la guerre et la mis\u00e8re qui s\u00e9vissent dans leurs pays.<br \/>Ces r\u00e9fugi\u00e9s ont de tout temps eu la compassion, l\u2019aide et le soutien des Alg\u00e9riens, notamment en cette p\u00e9riode de pand\u00e9mie.<br \/>Ces personnes en majorit\u00e9 des femmes et des enfants passent le plus souvent leurs journ\u00e9es dehors, et la nuit tomb\u00e9e, elles dorment \u00e0 la belle \u00e9toile.<br \/>Les Cherchellois ne sont pas indiff\u00e9rents \u00e0 leur d\u00e9nuement et n\u2019h\u00e9sitent pas \u00e0 leur venir en aide. Nourriture, v\u00eatements, jouets, literie, leur sont distribu\u00e9s, chaque jour que Dieu fait. Des femmes, souvent \u00e2g\u00e9es, des jeunes filles et des adolescents mendient en interpellant les conducteurs de passage sur les routes, qui leur offrent une obole qu\u2019ils laissent tomber dans des petits r\u00e9ceptacles en plastique. Devant cette situation pr\u00e9caire, des voix citoyennes appellent les autorit\u00e9s locales \u00e0 les transf\u00e9rer vers des centres d\u2019accueil, pour une vie d\u00e9cente.<br \/>De cette mani\u00e8re, elles pr\u00e9serveront leur sant\u00e9 et celle de leurs enfants d&rsquo;une part, et l&rsquo;image de la ville touristique de Cherchell, d&rsquo;autre part.<br \/>Houari Larbi<\/p>\n<p>Auteur:<br \/>\n<a href=\"https:\/\/www.lesoirdalgerie.com\/regions\/des-dizaines-de-refugies-subsahariens-dans-la-ville-de-cherchell-56835\">Cliquez ici pour lire l&rsquo;article depuis sa source.<\/a><\/p>\n","protected":false},"excerpt":{"rendered":"<p>Ce sont les arcades du plus ancien coll\u00e8ge de la ville de Cherchell qui servent d\u2019abris \u00e0 des dizaines de personnes provenant des contr\u00e9es limitrophes d\u2019Afrique. Il s\u2019agit pour la quasi-totalit\u00e9 de refugi\u00e9s subsahariens qui ont prolif\u00e9r\u00e9 ces derni\u00e8res ann\u00e9es, fuyant la guerre et la mis\u00e8re qui s\u00e9vissent dans leurs pays.Ces r\u00e9fugi\u00e9s ont de tout [&hellip;]<\/p>\n","protected":false},"author":1741,"featured_media":0,"comment_status":"closed","ping_status":"closed","sticky":false,"template":"","format":"standard","meta":{"fifu_image_url":"","fifu_image_alt":"","footnotes":""},"categories":[73,53],"tags":[],"class_list":["post-111884","post","type-post","status-publish","format-standard","hentry","category-actualite","category-algerie"],"_links":{"self":[{"href":"https:\/\/linitiative.ca\/International\/wp-json\/wp\/v2\/posts\/111884","targetHints":{"allow":["GET"]}}],"collection":[{"href":"https:\/\/linitiative.ca\/International\/wp-json\/wp\/v2\/posts"}],"about":[{"href":"https:\/\/linitiative.ca\/International\/wp-json\/wp\/v2\/types\/post"}],"author":[{"embeddable":true,"href":"https:\/\/linitiative.ca\/International\/wp-json\/wp\/v2\/users\/1741"}],"replies":[{"embeddable":true,"href":"https:\/\/linitiative.ca\/International\/wp-json\/wp\/v2\/comments?post=111884"}],"version-history":[{"count":0,"href":"https:\/\/linitiative.ca\/International\/wp-json\/wp\/v2\/posts\/111884\/revisions"}],"wp:attachment":[{"href":"https:\/\/linitiative.ca\/International\/wp-json\/wp\/v2\/media?parent=111884"}],"wp:term":[{"taxonomy":"category","embeddable":true,"href":"https:\/\/linitiative.ca\/International\/wp-json\/wp\/v2\/categories?post=111884"},{"taxonomy":"post_tag","embeddable":true,"href":"https:\/\/linitiative.ca\/International\/wp-json\/wp\/v2\/tags?post=111884"}],"curies":[{"name":"wp","href":"https:\/\/api.w.org\/{rel}","templated":true}]}}