{"id":111885,"date":"2021-02-23T05:00:00","date_gmt":"2021-02-23T10:00:00","guid":{"rendered":"https:\/\/linitiative.ca\/International\/le-barrage-de-brezina-enregistre-une-baisse-de-plus-de-60-de-sa-capacite\/"},"modified":"2021-02-23T05:00:00","modified_gmt":"2021-02-23T10:00:00","slug":"le-barrage-de-brezina-enregistre-une-baisse-de-plus-de-60-de-sa-capacite","status":"publish","type":"post","link":"https:\/\/linitiative.ca\/International\/le-barrage-de-brezina-enregistre-une-baisse-de-plus-de-60-de-sa-capacite\/","title":{"rendered":"Le barrage de Br\u00e9zina enregistre une baisse de plus de 60% de sa capacit\u00e9"},"content":{"rendered":"<p>La Direction des ressources en eau de la wilaya d\u2019El-Bayadh a indiqu\u00e9 que le barrage de Br\u00e9zina destin\u00e9 principalement \u00e0 l\u2019irrigation agricole, d\u2019une capacit\u00e9 de remplissage de 123 millions de m3, n\u2019enregistre actuellement que 50 millions de m3, soit une baisse de plus de 60% de sa capacit\u00e9, en raison d\u2019une saison marqu\u00e9e par une tr\u00e8s faible pluviom\u00e9trie. Des op\u00e9rations de reboisement sont programm\u00e9es pour la consolidation et la protection des abords de ce grand ouvrage. Par ailleurs, un peu plus de 300 autorisations de forages de puits destin\u00e9s \u00e0 l\u2019irrigation agricole ont \u00e9t\u00e9 attribu\u00e9es aux agriculteurs, op\u00e9rant \u00e0 travers le territoire de la wilaya depuis l\u2019ann\u00e9e \u00e9coul\u00e9e \u00e0 ce jour ; 85 autres ont \u00e9t\u00e9 octroy\u00e9es pour le renouvellement des forages et le nettoyage des puits. 45 dossiers font l\u2019objet d\u2019\u00e9tudes aupr\u00e8s de l\u2019Agence nationale des ressources en eau.\u2008Cependant, la r\u00e9ception et l\u2019\u00e9tude primaire des dossiers se font au niveau des commissions install\u00e9es au niveau des da\u00efras charg\u00e9es de les transmettre pour finalisation \u00e0 la Direction des ressources en eau et \u00e0 l\u2019Agence nationale des ressources en eau, alors que la d\u00e9livrance d\u2019autorisation de forage de puits se poursuit au niveau de la Wilaya.<br \/>B. Henine<\/p>\n<p>Auteur:<br \/>\n<a href=\"https:\/\/www.lesoirdalgerie.com\/regions\/le-barrage-de-brezina-enregistre-une-baisse-de-plus-de-60-de-sa-capacite-56834\">Cliquez ici pour lire l&rsquo;article depuis sa source.<\/a><\/p>\n","protected":false},"excerpt":{"rendered":"<p>La Direction des ressources en eau de la wilaya d\u2019El-Bayadh a indiqu\u00e9 que le barrage de Br\u00e9zina destin\u00e9 principalement \u00e0 l\u2019irrigation agricole, d\u2019une capacit\u00e9 de remplissage de 123 millions de m3, n\u2019enregistre actuellement que 50 millions de m3, soit une baisse de plus de 60% de sa capacit\u00e9, en raison d\u2019une saison marqu\u00e9e par une [&hellip;]<\/p>\n","protected":false},"author":1741,"featured_media":0,"comment_status":"closed","ping_status":"closed","sticky":false,"template":"","format":"standard","meta":{"fifu_image_url":"","fifu_image_alt":"","footnotes":""},"categories":[73,53],"tags":[],"class_list":["post-111885","post","type-post","status-publish","format-standard","hentry","category-actualite","category-algerie"],"_links":{"self":[{"href":"https:\/\/linitiative.ca\/International\/wp-json\/wp\/v2\/posts\/111885","targetHints":{"allow":["GET"]}}],"collection":[{"href":"https:\/\/linitiative.ca\/International\/wp-json\/wp\/v2\/posts"}],"about":[{"href":"https:\/\/linitiative.ca\/International\/wp-json\/wp\/v2\/types\/post"}],"author":[{"embeddable":true,"href":"https:\/\/linitiative.ca\/International\/wp-json\/wp\/v2\/users\/1741"}],"replies":[{"embeddable":true,"href":"https:\/\/linitiative.ca\/International\/wp-json\/wp\/v2\/comments?post=111885"}],"version-history":[{"count":0,"href":"https:\/\/linitiative.ca\/International\/wp-json\/wp\/v2\/posts\/111885\/revisions"}],"wp:attachment":[{"href":"https:\/\/linitiative.ca\/International\/wp-json\/wp\/v2\/media?parent=111885"}],"wp:term":[{"taxonomy":"category","embeddable":true,"href":"https:\/\/linitiative.ca\/International\/wp-json\/wp\/v2\/categories?post=111885"},{"taxonomy":"post_tag","embeddable":true,"href":"https:\/\/linitiative.ca\/International\/wp-json\/wp\/v2\/tags?post=111885"}],"curies":[{"name":"wp","href":"https:\/\/api.w.org\/{rel}","templated":true}]}}