{"id":111887,"date":"2021-02-23T05:00:00","date_gmt":"2021-02-23T10:00:00","guid":{"rendered":"https:\/\/linitiative.ca\/International\/journee-de-sensibilisation-contre-les-dangers-de-lintoxication-au-monoxyde-de-carbone\/"},"modified":"2021-02-23T05:00:00","modified_gmt":"2021-02-23T10:00:00","slug":"journee-de-sensibilisation-contre-les-dangers-de-lintoxication-au-monoxyde-de-carbone","status":"publish","type":"post","link":"https:\/\/linitiative.ca\/International\/journee-de-sensibilisation-contre-les-dangers-de-lintoxication-au-monoxyde-de-carbone\/","title":{"rendered":"Journ\u00e9e de sensibilisation contre les dangers de l\u2019intoxication au monoxyde de carbone"},"content":{"rendered":"<p>Chaque ann\u00e9e, plusieurs centaines de personnes sont victimes d\u2019une intoxication au monoxyde de carbone. La pr\u00e9vention consiste \u00e0 faire adopter les bons gestes et \u00e0 informer sur les r\u00e8gles de s\u00e9curit\u00e9 concernant le fonctionnement des appareils de chauffage, des chauffe-bains et autres \u00e9quipements.<br \/>\u00abPour limiter les risques d\u2019accidents, il convient de faire syst\u00e9matiquement v\u00e9rifier les chauffages par un professionnel qualifi\u00e9. Il est important aussi de maintenir les syst\u00e8mes de ventilation en bon \u00e9tat de fonctionnement et ne jamais boucher les entr\u00e9es et les sorties d\u2019air\u00bb, souligne le charg\u00e9 de communication de la Protection civile de Guelma, lors de la journ\u00e9e de sensibilisation et de pr\u00e9vention contre les risques li\u00e9s \u00e0 l\u2019intoxication au monoxyde de carbone qui s\u2019est tenue au th\u00e9\u00e2tre municipal de la ville. Depuis le d\u00e9but de l\u2019hiver, un nombre important de d\u00e9c\u00e8s et de personnes intoxiqu\u00e9es par inhalation de gaz br\u00fbl\u00e9s \u00e0 travers plusieurs da\u00efras de Guelma a \u00e9t\u00e9 enregistr\u00e9. Cela est d\u00fb, selon l\u2019officier, \u00e0 l\u2019absence de pr\u00e9vention en mati\u00e8re de s\u00e9curit\u00e9. La Protection civile de la wilaya appr\u00e9hende notamment une recrudescence des asphyxies au CO en milieu rural quand on sait que les moyens traditionnels de chauffage, comme le bois, sont toujours pr\u00e9sents. Selon les organisateurs de cette manifestation, l\u2019intoxication au monoxyde de carbone constitue l&rsquo;une des principales causes de mort toxique accidentelle. Rappelons, \u00e0 cet effet, que cette ann\u00e9e a \u00e9t\u00e9 marqu\u00e9e par de nombreuses interventions des \u00e9quipes de secours qui ont sauv\u00e9 bon nombre de personnes d\u2019une mort certaine .<br \/>Noureddine Guergour<\/p>\n<p>Auteur:<br \/>\n<a href=\"https:\/\/www.lesoirdalgerie.com\/regions\/journee-de-sensibilisation-contre-les-dangers-de-lintoxication-au-monoxyde-de-carbone-56832\">Cliquez ici pour lire l&rsquo;article depuis sa source.<\/a><\/p>\n","protected":false},"excerpt":{"rendered":"<p>Chaque ann\u00e9e, plusieurs centaines de personnes sont victimes d\u2019une intoxication au monoxyde de carbone. La pr\u00e9vention consiste \u00e0 faire adopter les bons gestes et \u00e0 informer sur les r\u00e8gles de s\u00e9curit\u00e9 concernant le fonctionnement des appareils de chauffage, des chauffe-bains et autres \u00e9quipements.\u00abPour limiter les risques d\u2019accidents, il convient de faire syst\u00e9matiquement v\u00e9rifier les chauffages [&hellip;]<\/p>\n","protected":false},"author":1741,"featured_media":0,"comment_status":"closed","ping_status":"closed","sticky":false,"template":"","format":"standard","meta":{"fifu_image_url":"","fifu_image_alt":"","footnotes":""},"categories":[73,53],"tags":[],"class_list":["post-111887","post","type-post","status-publish","format-standard","hentry","category-actualite","category-algerie"],"_links":{"self":[{"href":"https:\/\/linitiative.ca\/International\/wp-json\/wp\/v2\/posts\/111887","targetHints":{"allow":["GET"]}}],"collection":[{"href":"https:\/\/linitiative.ca\/International\/wp-json\/wp\/v2\/posts"}],"about":[{"href":"https:\/\/linitiative.ca\/International\/wp-json\/wp\/v2\/types\/post"}],"author":[{"embeddable":true,"href":"https:\/\/linitiative.ca\/International\/wp-json\/wp\/v2\/users\/1741"}],"replies":[{"embeddable":true,"href":"https:\/\/linitiative.ca\/International\/wp-json\/wp\/v2\/comments?post=111887"}],"version-history":[{"count":0,"href":"https:\/\/linitiative.ca\/International\/wp-json\/wp\/v2\/posts\/111887\/revisions"}],"wp:attachment":[{"href":"https:\/\/linitiative.ca\/International\/wp-json\/wp\/v2\/media?parent=111887"}],"wp:term":[{"taxonomy":"category","embeddable":true,"href":"https:\/\/linitiative.ca\/International\/wp-json\/wp\/v2\/categories?post=111887"},{"taxonomy":"post_tag","embeddable":true,"href":"https:\/\/linitiative.ca\/International\/wp-json\/wp\/v2\/tags?post=111887"}],"curies":[{"name":"wp","href":"https:\/\/api.w.org\/{rel}","templated":true}]}}