{"id":111888,"date":"2021-02-23T10:40:39","date_gmt":"2021-02-23T15:40:39","guid":{"rendered":"https:\/\/linitiative.ca\/International\/australie-lex-ambassadeur-au-maroc-decoree-du-wissam-alaouite\/"},"modified":"2021-02-23T10:40:39","modified_gmt":"2021-02-23T15:40:39","slug":"australie-lex-ambassadeur-au-maroc-decoree-du-wissam-alaouite","status":"publish","type":"post","link":"https:\/\/linitiative.ca\/International\/australie-lex-ambassadeur-au-maroc-decoree-du-wissam-alaouite\/","title":{"rendered":"Australie : l\u2019ex-ambassadeur au Maroc d\u00e9cor\u00e9e du Wissam Alaouite"},"content":{"rendered":"<p><strong>L\u2019ex-ambassadeur d\u2019Australie au Maroc, B\u00e9r\u00e9nice Owen Jones, s\u2019est vue remettre \u00e0 Canberra le Wissam Alaouite de l\u2019ordre de Commandeur, qui lui a \u00e9t\u00e9 d\u00e9cern\u00e9 par S.M. le Roi Mohammed VI au terme de sa mission diplomatique au Royaume.<\/strong><\/p>\n<p>La distinction royale a \u00e9t\u00e9 remise \u00e0 B\u00e9r\u00e9nice Owen Jones par l\u2019ambassadeur du Maroc en Australie, Karim Medrek, au cours d\u2019une c\u00e9r\u00e9monie organis\u00e9e lundi \u00e0 la R\u00e9sidence du Maroc, en pr\u00e9sence de plusieurs personnalit\u00e9s australiennes notamment des responsables du minist\u00e8re australien des Affaires \u00e9trang\u00e8res et du Commerce, du doyen du corps diplomatique accr\u00e9dit\u00e9 \u00e0 Canberra et de la doyenne des ambassadeurs africains, ainsi que des membres de sa famille.<\/p>\n<div class=\"c10\">\n<\/div>\n<p><strong>Lire aussi | <a rel=\"noreferrer noopener\" href=\"https:\/\/www.challenge.ma\/coronavirus-le-nouveau-variant-b-1-525-inquiete-de-plus-en-plus-176121\/\" target=\"_blank\">Coronavirus : le nouveau variant \u00ab B.1.525 \u00bb inqui\u00e8te de plus en plus<\/a><\/strong><\/p>\n<p>Dans une allocution \u00e0 cette occasion, l\u2019ambassadeur du Maroc en Australie a soulign\u00e9 que cette D\u00e9coration Royale est une \u00ab\u00a0haute reconnaissance de l\u2019action distingu\u00e9e accomplie par Mme Owen Jones, tout au long de sa mission diplomatique \u00e0 Rabat en faveur de la promotion et de la consolidation des relations entre le Maroc et le Commonwealth d\u2019Australie\u00a0\u00bb.<\/p>\n<p><strong>Lire aussi | <a rel=\"noreferrer noopener\" href=\"https:\/\/www.challenge.ma\/protection-sociale-une-enveloppe-de-51-milliards-de-dh-par-an-pour-la-generalisation-176115\/\" target=\"_blank\">Protection sociale : une enveloppe de 51 milliards de DH par an pour la g\u00e9n\u00e9ralisation<\/a><\/strong><\/p>\n<div class=\"fb-post\" data-href=\"https:\/\/www.facebook.com\/AusEmbMA\/posts\/1430667883930799\" data-width=\"500\" data-show-text=\"true\">\n<blockquote cite=\"https:\/\/www.facebook.com\/AusEmbMA\/posts\/1430667883930799\" class=\"fb-xfbml-parse-ignore\">\n<p>We are delighted to congratulate former Ambassador Berenice Owen-Jones for being awarded the honour: The Order of\u2026<\/p>\n<p>Publi\u00e9e par <a href=\"https:\/\/www.facebook.com\/AusEmbMA\/\">Australian Embassy \u2013 Morocco<\/a> sur\u00a0<a href=\"https:\/\/www.facebook.com\/AusEmbMA\/posts\/1430667883930799\">Mardi 23 f\u00e9vrier 2021<\/a><\/p><\/blockquote>\n<\/div>\n<p>Karim Medrek a \u00e9galement affirm\u00e9 que cette distinction illustre les relations distingu\u00e9es entre le Maroc et l\u2019Australie et refl\u00e8te l\u2019amiti\u00e9 et l\u2019estime du Maroc envers l\u2019Australie. Pour sa part, B\u00e9r\u00e9nice Owen Jones a exprim\u00e9 sa profonde gratitude \u00e0 S.M. le Roi Mohammed VI qui a bien voulu lui d\u00e9cerner cette distinction, ainsi que sa fiert\u00e9 de recevoir cette prestigieuse D\u00e9coration Royale et d\u2019avoir occup\u00e9 le poste de premier ambassadeur r\u00e9sident de son pays au Royaume.<\/p>\n<p><strong>Lire aussi | <a rel=\"noreferrer noopener\" href=\"https:\/\/www.challenge.ma\/sortie-du-maroc-de-la-liste-grise-de-lue-un-nouvel-atout-pour-lattractivite-du-royaume-cgem-176108\/\" target=\"_blank\">Sortie du Maroc de la liste grise de l\u2019UE : un nouvel atout pour l\u2019attractivit\u00e9 du Royaume [CGEM]<\/a><\/strong><\/p>\n<p>Par la m\u00eame occasion, la diplomate australienne a soulign\u00e9 que pendant sa mission au Maroc, elle a \u00e9t\u00e9 t\u00e9moin des grandes r\u00e9alisations et des progr\u00e8s \u00e9conomiques accomplis au Royaume sous la conduite de S.M. le Roi Mohammed VI.<\/p>\n<p><strong>Avec MAP<\/strong><\/p>\n<p>Auteur: Karim Handaoui<br \/>\n<a href=\"https:\/\/www.challenge.ma\/australie-lex-ambassadeur-au-maroc-decoree-du-wissam-alaouite-176127\/\">Cliquez ici pour lire l&rsquo;article depuis sa source.<\/a><\/p>\n","protected":false},"excerpt":{"rendered":"<p>L\u2019ex-ambassadeur d\u2019Australie au Maroc, B\u00e9r\u00e9nice Owen Jones, s\u2019est vue remettre \u00e0 Canberra le Wissam Alaouite de l\u2019ordre de Commandeur, qui lui a \u00e9t\u00e9 d\u00e9cern\u00e9 par S.M. le Roi Mohammed VI au terme de sa mission diplomatique au Royaume. La distinction royale a \u00e9t\u00e9 remise \u00e0 B\u00e9r\u00e9nice Owen Jones par l\u2019ambassadeur du Maroc en Australie, Karim [&hellip;]<\/p>\n","protected":false},"author":1787,"featured_media":0,"comment_status":"closed","ping_status":"closed","sticky":false,"template":"","format":"standard","meta":{"fifu_image_url":"","fifu_image_alt":"","footnotes":""},"categories":[78,54],"tags":[],"class_list":["post-111888","post","type-post","status-publish","format-standard","hentry","category-economie","category-maroc"],"_links":{"self":[{"href":"https:\/\/linitiative.ca\/International\/wp-json\/wp\/v2\/posts\/111888","targetHints":{"allow":["GET"]}}],"collection":[{"href":"https:\/\/linitiative.ca\/International\/wp-json\/wp\/v2\/posts"}],"about":[{"href":"https:\/\/linitiative.ca\/International\/wp-json\/wp\/v2\/types\/post"}],"author":[{"embeddable":true,"href":"https:\/\/linitiative.ca\/International\/wp-json\/wp\/v2\/users\/1787"}],"replies":[{"embeddable":true,"href":"https:\/\/linitiative.ca\/International\/wp-json\/wp\/v2\/comments?post=111888"}],"version-history":[{"count":0,"href":"https:\/\/linitiative.ca\/International\/wp-json\/wp\/v2\/posts\/111888\/revisions"}],"wp:attachment":[{"href":"https:\/\/linitiative.ca\/International\/wp-json\/wp\/v2\/media?parent=111888"}],"wp:term":[{"taxonomy":"category","embeddable":true,"href":"https:\/\/linitiative.ca\/International\/wp-json\/wp\/v2\/categories?post=111888"},{"taxonomy":"post_tag","embeddable":true,"href":"https:\/\/linitiative.ca\/International\/wp-json\/wp\/v2\/tags?post=111888"}],"curies":[{"name":"wp","href":"https:\/\/api.w.org\/{rel}","templated":true}]}}