{"id":111890,"date":"2021-02-23T14:16:52","date_gmt":"2021-02-23T19:16:52","guid":{"rendered":"https:\/\/linitiative.ca\/International\/dan-catarivas-cette-normalisation-offre-desormais-la-possibilite-delargir-et-dapprofondir-les-relations-entre-les-secteurs-prives-israelien-et-marocain\/"},"modified":"2021-02-23T14:16:52","modified_gmt":"2021-02-23T19:16:52","slug":"dan-catarivas-cette-normalisation-offre-desormais-la-possibilite-delargir-et-dapprofondir-les-relations-entre-les-secteurs-prives-israelien-et-marocain","status":"publish","type":"post","link":"https:\/\/linitiative.ca\/International\/dan-catarivas-cette-normalisation-offre-desormais-la-possibilite-delargir-et-dapprofondir-les-relations-entre-les-secteurs-prives-israelien-et-marocain\/","title":{"rendered":"Dan Catarivas : \u00ab\u00a0Cette normalisation offre d\u00e9sormais, la possibilit\u00e9 d\u2019\u00e9largir et d\u2019approfondir les relations entre les secteurs priv\u00e9s isra\u00e9lien et marocain\u00a0\u00bb"},"content":{"rendered":"<p><strong>En charge des Relations Internationales du Patronat Isra\u00e9lien, Dan Catarivas, Economiste de formation, connait parfaitement les arcanes de l\u2019\u00e9conomie isra\u00e9lienne. Celui qu\u2019on consid\u00e8re aujourd\u2019hui comme\u00a0 \u00ab\u00a0Monsieur Relations ext\u00e9rieures des industriels d\u2019Isra\u00ebl\u00a0\u00bb, met le doigt, entre autres, sur les possibilit\u00e9s de partenariat en termes de business entre les hommes d\u2019affaires et institutions publiques et priv\u00e9es marocains et isra\u00e9liens et les opportunit\u00e9s pour les entreprises des deux pays. Il pointe \u00e9galement les similitudes entre l\u2019\u00e9conomie marocaine et isra\u00e9lienne. \u00a0<\/strong><\/p>\n<div class=\"c10\">\n<\/div>\n<p><strong>Challenge :<\/strong> <strong>Suite \u00e0 la normalisation des relations diplomatiques entre le Maroc et Isra\u00ebl, quelles sont les possibilit\u00e9s de partenariat en termes de business entre les hommes d\u2019affaires et institutions publiques et priv\u00e9es des deux pays?\u00a0<\/strong><\/p>\n<p><strong>Dan Catarivas :<\/strong> Tout d\u2019abord, le secteur priv\u00e9 isra\u00e9lien se r\u00e9jouit de cette normalisation qui offre d\u00e9sormais la possibilit\u00e9 d\u2019\u00e9largir et d\u2019approfondir les relations entre les secteurs priv\u00e9s isra\u00e9lien et marocain. Les opportunit\u00e9s se trouvent dans diff\u00e9rents domaines tant au niveau du commerce, de ventes et d\u2019achats de produits marocains vers Isra\u00ebl et vice versa, que des autres secteurs. Il y a aussi des partenariats qui pourraient \u00eatre sign\u00e9s entre des secteurs qui sont les plus porteurs dans les domaines de l\u2019agriculture, de l\u2019agroalimentaire, dans le traitement de l\u2019eau, entre autres, qui sont des secteurs dans lesquels Isra\u00ebl a des expertises pour int\u00e9resser le Maroc. Je sais qu\u2019il y a d\u00e9j\u00e0 eu des coop\u00e9rations \u00e0 ce niveau et donc maintenant, avec la normalisation, cela va s\u2019acc\u00e9l\u00e9rer. Dans les autres domaines tels que la technologie, de la cybers\u00e9curit\u00e9, des fintechs sont des secteurs o\u00f9 Isra\u00ebl a des atouts. De plus, il existe une certaine compl\u00e9mentarit\u00e9 entre les deux \u00e9conomies dans la mesure o\u00f9 le march\u00e9 isra\u00e9lien \u00e9tant un petit march\u00e9 (et le Maroc \u00e9tant plus grand), on peut donc s\u2019imaginer qu\u2019il y ait une coop\u00e9ration dans les \u00e9nergies renouvelables, l\u2019environnement\u2026 qui sont des secteurs o\u00f9 le Maroc a des atouts. Le Maroc a \u00e9galement un tissu industriel qu\u2019il veut moderniser et l\u00e0 il peut y avoir aussi une coop\u00e9ration entre les deux secteurs priv\u00e9s.\u00a0<\/p>\n<p><strong>Challenge :<\/strong> <strong>Isra\u00ebl est plus qu\u2019un march\u00e9, puisqu\u2019il dispose de pr\u00e8s de 400 p\u00f4les de recherche et d\u00e9veloppement. Quelles pourraient \u00eatre dans ce cadre, les opportunit\u00e9s pour les entreprises marocaines en termes de partenariat ?<\/strong><\/p>\n<p>Isra\u00ebl s\u2019est positionn\u00e9 comme un centre de Recherche &amp; D\u00e9veloppement, puisque nous investissons plus de 4% de notre PIB dans ce domaine, et le secteur priv\u00e9 mobilise \u00e9norm\u00e9ment d\u2019efforts dans ce sens. Du coup, nous avons des entreprises internationales qui viennent en Isra\u00ebl pour \u00e9tablir leurs laboratoires de R&amp;D. Je pense que cela peut b\u00e9n\u00e9ficier \u00e9galement aux entreprises marocaines. Non seulement la R&amp;D se fait en Isra\u00ebl, mais l\u2019application aussi. Il y a l\u00e0 donc, un r\u00e9servoir de savoir-faire et de connaissance qui peut \u00eatre mis \u00e0 la disposition des entreprises marocaines qui, elles aussi, peuvent se joindre \u00e0 des entreprises isra\u00e9liennes pour des projets de R&amp;D. Nous savons que le Maroc essaie de d\u00e9velopper ce genre de secteur avec des incubateurs et des acc\u00e9l\u00e9rateurs. C\u2019est dire qu\u2019il peut y avoir dans ce domaine aussi des coop\u00e9rations entre les deux parties, et m\u00eame avec d\u2019autres entreprises internationales puisque nos deux pays sont ouverts \u00e0 la mondialisation et \u00e0 la coop\u00e9ration internationale.\u00a0<\/p>\n<p><strong>Challenge :<\/strong> <strong>Jusque-l\u00e0, les grands partenaires isra\u00e9liens sont les pays europ\u00e9ens, les Etats-Unis et aujourd\u2019hui les pays asiatiques. Le Maroc, de par son positionnement et son \u00e9conomie, pourrait-il constituer un hub pour les entreprises isra\u00e9liennes d\u00e9sirant s\u2019attaquer aux march\u00e9s africains ?<\/strong><\/p>\n<p>Cela fait aussi partie de la compl\u00e9mentarit\u00e9 qui existe entre l\u2019\u00e9conomie marocaine et isra\u00e9lienne. Effectivement, le Maroc est bien plac\u00e9 pour servir de tremplin pour des compagnies isra\u00e9liennes qui, ensemble avec des entreprises marocaines, peuvent aller chercher des opportunit\u00e9s dans le march\u00e9 africain. Isra\u00ebl est d\u00e9j\u00e0 pr\u00e9sent sur le continent africain \u00e0 travers plusieurs entreprises, mais je pense que le positionnement du Maroc peut faciliter davantage les choses. Cette coop\u00e9ration isra\u00e9lo-marocaine n\u2019est pas qu\u2019une coop\u00e9ration bilat\u00e9rale. Ensemble, les deux pays peuvent travailler sur des march\u00e9s au niveau mondial et africain o\u00f9 les Marocains ont une p\u00e9n\u00e9tration importante et un avantage certain.\u00a0<\/p>\n<p><strong>Challenge :<\/strong> <strong>Quelles sont les similitudes entre les \u00e9conomies isra\u00e9lienne et marocaine ?<\/strong><\/p>\n<p>Je sais que le Maroc essaie de moderniser son industrie et fournit beaucoup d\u2019efforts dans le domaine de la R&amp;D. Mais, toujours est-il qu\u2019il faudra laisser du temps aux deux communaut\u00e9s d\u2019affaires pour mieux se conna\u00eetre, d\u2019apprendre la culture des affaires de part et d\u2019autre, bien qu\u2019il y ait eu d\u00e9j\u00e0 des entreprises isra\u00e9liennes qui ont op\u00e9r\u00e9 au Maroc au pr\u00e9alable. Il y a d\u2019abord tout un travail d\u2019apprentissage \u00e0 faire \u00a0 pour comprendre l\u00e0 o\u00f9 sont les compl\u00e9mentarit\u00e9s et d\u00e9tecter les similitudes qui peuvent exister entre les deux \u00e9conomies.\u00a0<\/p>\n<p><strong>Challenge : Comment les hommes d\u2019affaires isra\u00e9liens ont-ils accueilli l\u2019annonce de la normalisation des relations diplomatiques et \u00e9conomiques entre le Maroc et Isra\u00ebl ?<\/strong><\/p>\n<p>La communaut\u00e9 des affaires en Isra\u00ebl est tout \u00e0 fait enthousiaste \u00e0 l\u2019id\u00e9e de travailler et de nouer de nouveaux contacts pour d\u00e9velopper des relations \u00e9conomiques sous toutes ses formes (exportations, importations, joint-ventures\u2026) avec son homologue du Maroc. Le tourisme est un domaine tr\u00e8s porteur, car de nombreux Isra\u00e9liens ont d\u00e9j\u00e0 visit\u00e9 le Maroc, et maintenant avec les vols directs, le business va s\u2019acc\u00e9l\u00e9rer de part et d\u2019autre. L\u2019autre point important, concerne les Juifs marocains qui habitent en Isra\u00ebl et qui sont tr\u00e8s impliqu\u00e9s dans la vie \u00e9conomique ici. Naturellement, ils se r\u00e9jouissent aussi de cette normalisation qui permet de renouer avec le Maroc. C\u2019est un point fort qui peut jouer en faveur d\u2019une intensification des relations entre les deux pays.<\/p>\n<p><strong>Son parcours<\/strong><\/p>\n<p><strong>Dan Catarivas a d\u00e9but\u00e9 sa carri\u00e8re en tant que Haut fonctionnaire au commerce ext\u00e9rieur du minist\u00e8re du Commerce et de l\u2019Industrie Isra\u00e9lien. Economiste de formation, il a \u00e9crit plusieurs publications sur les leviers de l\u2019innovation dans l\u2019\u00e9conomie Isra\u00e9lienne, milieu qu\u2019il a longtemps fr\u00e9quent\u00e9 en tant que Conseiller \u00e9conomique aupr\u00e8s de l\u2019Ambassade d\u2019Isra\u00ebl \u00e0 P\u00e9kin, puis \u00e0 Hong Kong et Beyrouth. Par la suite, Dan Catarivas a dirig\u00e9 le Cabinet du minist\u00e8re de la Science et de la Technologie, celui du minist\u00e8re du Commerce et de l\u2019Industrie et enfin, du D\u00e9partement au commerce ext\u00e9rieur d\u2019Isra\u00ebl au bureau Europe. Et depuis 2005, il est en charge des Relations Internationales du Patronat Isra\u00e9lien.\u00a0<\/strong><\/p>\n<p>Auteur: challenge<br \/>\n<a href=\"https:\/\/www.challenge.ma\/dan-catarivas-cette-normalisation-offre-desormais-la-possibilite-delargir-et-dapprofondir-les-relations-entre-les-secteurs-prives-israelien-et-marocain-174867\/\">Cliquez ici pour lire l&rsquo;article depuis sa source.<\/a><\/p>\n","protected":false},"excerpt":{"rendered":"<p>En charge des Relations Internationales du Patronat Isra\u00e9lien, Dan Catarivas, Economiste de formation, connait parfaitement les arcanes de l\u2019\u00e9conomie isra\u00e9lienne. Celui qu\u2019on consid\u00e8re aujourd\u2019hui comme\u00a0 \u00ab\u00a0Monsieur Relations ext\u00e9rieures des industriels d\u2019Isra\u00ebl\u00a0\u00bb, met le doigt, entre autres, sur les possibilit\u00e9s de partenariat en termes de business entre les hommes d\u2019affaires et institutions publiques et priv\u00e9es marocains [&hellip;]<\/p>\n","protected":false},"author":1787,"featured_media":0,"comment_status":"closed","ping_status":"closed","sticky":false,"template":"","format":"standard","meta":{"fifu_image_url":"","fifu_image_alt":"","footnotes":""},"categories":[78,54],"tags":[],"class_list":["post-111890","post","type-post","status-publish","format-standard","hentry","category-economie","category-maroc"],"_links":{"self":[{"href":"https:\/\/linitiative.ca\/International\/wp-json\/wp\/v2\/posts\/111890","targetHints":{"allow":["GET"]}}],"collection":[{"href":"https:\/\/linitiative.ca\/International\/wp-json\/wp\/v2\/posts"}],"about":[{"href":"https:\/\/linitiative.ca\/International\/wp-json\/wp\/v2\/types\/post"}],"author":[{"embeddable":true,"href":"https:\/\/linitiative.ca\/International\/wp-json\/wp\/v2\/users\/1787"}],"replies":[{"embeddable":true,"href":"https:\/\/linitiative.ca\/International\/wp-json\/wp\/v2\/comments?post=111890"}],"version-history":[{"count":0,"href":"https:\/\/linitiative.ca\/International\/wp-json\/wp\/v2\/posts\/111890\/revisions"}],"wp:attachment":[{"href":"https:\/\/linitiative.ca\/International\/wp-json\/wp\/v2\/media?parent=111890"}],"wp:term":[{"taxonomy":"category","embeddable":true,"href":"https:\/\/linitiative.ca\/International\/wp-json\/wp\/v2\/categories?post=111890"},{"taxonomy":"post_tag","embeddable":true,"href":"https:\/\/linitiative.ca\/International\/wp-json\/wp\/v2\/tags?post=111890"}],"curies":[{"name":"wp","href":"https:\/\/api.w.org\/{rel}","templated":true}]}}