{"id":111897,"date":"2021-02-23T17:07:44","date_gmt":"2021-02-23T22:07:44","guid":{"rendered":"https:\/\/linitiative.ca\/International\/tunisie-le-meilleur-eleve-qui-est-devenu-en-quelques-mois-le-cancre-de-la-classe\/"},"modified":"2021-02-23T17:07:44","modified_gmt":"2021-02-23T22:07:44","slug":"tunisie-le-meilleur-eleve-qui-est-devenu-en-quelques-mois-le-cancre-de-la-classe","status":"publish","type":"post","link":"https:\/\/linitiative.ca\/International\/tunisie-le-meilleur-eleve-qui-est-devenu-en-quelques-mois-le-cancre-de-la-classe\/","title":{"rendered":"Tunisie \u2013 Le meilleur \u00e9l\u00e8ve qui est devenu en quelques mois le cancre de la classe"},"content":{"rendered":"<div class=\"post-cont-in left relative\">\n<div id=\"post-info-wrap\" class=\"left relative post-info-out\">\n<div class=\"post-info-img left relative\"><img loading=\"lazy\" decoding=\"async\" alt=\"\" src=\"https:\/\/secure.gravatar.com\/avatar\/96253f4a657b482a18e837c1252096c2?s=50&amp;d=mm&amp;r=g\" srcset=\"https:\/\/secure.gravatar.com\/avatar\/96253f4a657b482a18e837c1252096c2?s=100&amp;d=mm&amp;r=g 2x\" class=\"avatar avatar-50 photo\" height=\"50\" width=\"50\"\/><\/div>\n<div class=\"post-info-in\">\n<div class=\"post-info-right left relative post-info-name left relative\"><span><span class=\"post-info-text\">Par<\/span> <span class=\"author-name vcard fn author\"><a href=\"https:\/\/www.tunisienumerique.com\/author\/saber\/\" title=\"Articles par Saber .\" rel=\"author\">Saber .<\/a><\/span><\/span> <span class=\"post-date updated\"><time class=\"post-date updated\" datetime=\"2021-02-23\">\u00a0| Il y a 5 minutes<\/time><\/span><br \/>\n<meta itemprop=\"dateModified\" content=\"2021-02-23\"\/><\/div>\n<div class=\"left relative\"><button id=\"listenButton1\" class=\"responsivevoice-button\" type=\"button\" value=\"Play\" title=\"\u00c9coutez l'article\"><span>\ud83d\udd0a \u00c9coutez l&rsquo;article<\/span><\/button>\n<\/div>\n<\/div>\n<\/div>\n<p>Une trag\u00e9die que retiendra l\u2019histoire, qui est celle de ce petit pays qui a \u00e9pat\u00e9 le monde il y a quelques mois quand il a su si bien s\u2019en tirer dans sa bataille de David et Goliath, contre l\u2019ogre de la pand\u00e9mie. Ce petit pays qui a forc\u00e9 le respect des grands de ce monde, l\u2019OMS en premier, qui en est arriv\u00e9e \u00e0 citer la Tunisie comme l\u2019exemple \u00e0 suivre. Mais c\u2019\u00e9tait quand il faisait confiance \u00e0 une \u00e9quipe de professionnels pour mettre en \u0153uvre sa strat\u00e9gie.<\/p>\n<div class=\"code-block code-block-1 c4\">\n <ins class=\"adsbygoogle c3\" data-ad-layout=\"in-article\" data-ad-format=\"fluid\" data-ad-client=\"ca-pub-2102118777505746\" data-ad-slot=\"7301775417\"\/>\n<\/div>\n<p>Mais, depuis, beaucoup d\u2019eau a coul\u00e9 sous les ponts. Beaucoup d\u2019eau qui, tel un d\u00e9luge, ont balay\u00e9 toutes ces comp\u00e9tences et ramen\u00e9 \u00e0 leur place des \u00ab\u00a0apprentis\u00a0\u00bb qui, bien que fortement recommand\u00e9s, se sont av\u00e9r\u00e9s aussi inefficaces qu\u2019inutiles.<\/p>\n<p>Du coup, et en quelques mois, ce petit pays, nagu\u00e8re si brillant, ce meilleur \u00e9l\u00e8ve, est devenu le cancre de la classe. Les autres pays qui \u00e9taient appel\u00e9s \u00e0 l\u2019imiter l\u2019ont d\u00e9pass\u00e9. Ils ont circonscris la maladie, ils ont entam\u00e9 leur campagne de vaccination, et ils envisagent, d\u00e9j\u00e0, de reprendre une vie normale et, surtout, une activit\u00e9 \u00e9conomique normale. Alors que la Tunisie peine encore \u00e0 trouver son chemin, et n\u2019arrive m\u00eame pas \u00e0 se construire une id\u00e9e sur la situation \u00e9pid\u00e9miologique, faute de campagne de d\u00e9pistage en masse. Quant aux vaccins, on ne sait, toujours, ni les quels on\u00a0 va avoir, ni quand. Du coup, tout ce retard va, forc\u00e9ment, se r\u00e9percuter sur la suite des \u00e9v\u00e8nements, notamment, sur la reprise de l\u2019activit\u00e9 \u00e9conomique et touristique.<\/p>\n<p>Un \u00e9norme g\u00e2chis quand on sait que la Tunisie devait se positionner parmi les premiers pays qui allaient se trouver dans le monde \u00e9conomique post covid\u00a0!<\/p>\n<div class=\"swp_social_panel swp_horizontal_panel swp_flat_fresh swp_default_full_color swp_individual_full_color swp_other_full_color scale-100 scale-\" data-min-width=\"1100\" data-float-color=\"#ffffff\" data-float=\"bottom\" data-float-mobile=\"bottom\" data-transition=\"slide\">\n<div class=\"nc_tweetContainer swp_share_button total_shares total_sharesalt\"><span class=\"swp_count\">0 <span class=\"swp_label\">Partages<\/span><\/span><\/div>\n<\/div>\n<p><strong>Que se passe-t-il en Tunisie?<\/strong><br \/>Nous expliquons sur notre <a href=\"https:\/\/www.youtube.com\/channel\/UCRzypVq0B_yBad5eGrwBx0Q?sub_confirmation=1\" target=\"_blank\" rel=\"noopener\">cha\u00eene YouTube<\/a> . <a href=\"https:\/\/www.youtube.com\/channel\/UCRzypVq0B_yBad5eGrwBx0Q?sub_confirmation=1\" target=\"_blank\" rel=\"noopener\">Abonnez-vous!<\/a><\/p>\n<div class=\"mvp-org-wrap\" itemprop=\"publisher\">\n<div class=\"mvp-org-logo\" itemprop=\"logo\"><img decoding=\"async\" src=\"https:\/\/www.tunisienumerique.com\/wp-content\/uploads\/2017\/02\/logo_tunisie_numerique.png\"\/><br \/>\n<meta itemprop=\"url\" content=\"https:\/\/www.tunisienumerique.com\/wp-content\/uploads\/2017\/02\/logo_tunisie_numerique.png\"\/><\/div>\n<p><meta content=\"Tunisie Num\u00e9rique\"\/><\/div>\n<div class=\"mvp-related-posts left relative\">\n<h4 class=\"post-header\"><span class=\"post-header\">Lire aussi<\/span><\/h4>\n<\/div>\n<div id=\"article-ad\">\n <ins class=\"adsbygoogle c5\" data-ad-client=\"ca-pub-2102118777505746\" data-ad-slot=\"6513972734\" data-ad-format=\"auto\" data-full-width-responsive=\"true\"\/>\n<\/div>\n<\/div>\n<div id=\"post-sidebar-wrap\">\n <ins class=\"adsbygoogle c5\" data-ad-client=\"ca-pub-2102118777505746\" data-ad-slot=\"6168283410\" data-ad-format=\"auto\" data-full-width-responsive=\"true\"\/>\n<\/div>\n<p>Auteur: Saber .<br \/>\n<a href=\"https:\/\/www.tunisienumerique.com\/tunisie-le-meilleur-eleve-qui-est-devenu-en-quelques-mois-le-cancre-de-la-classe\/\">Cliquez ici pour lire l&rsquo;article depuis sa source.<\/a><\/p>\n","protected":false},"excerpt":{"rendered":"<p>Par Saber . \u00a0| Il y a 5 minutes \ud83d\udd0a \u00c9coutez l&rsquo;article Une trag\u00e9die que retiendra l\u2019histoire, qui est celle de ce petit pays qui a \u00e9pat\u00e9 le monde il y a quelques mois quand il a su si bien s\u2019en tirer dans sa bataille de David et Goliath, contre l\u2019ogre de la pand\u00e9mie. Ce [&hellip;]<\/p>\n","protected":false},"author":1789,"featured_media":0,"comment_status":"closed","ping_status":"closed","sticky":false,"template":"","format":"standard","meta":{"fifu_image_url":"https:\/\/secure.gravatar.com\/avatar\/96253f4a657b482a18e837c1252096c2?s=50&d=mm&r=g","fifu_image_alt":"Tunisie \u2013 Le meilleur \u00e9l\u00e8ve qui est devenu en quelques mois le cancre de la classe","footnotes":""},"categories":[73,55],"tags":[],"class_list":["post-111897","post","type-post","status-publish","format-standard","hentry","category-actualite","category-tunisie"],"_links":{"self":[{"href":"https:\/\/linitiative.ca\/International\/wp-json\/wp\/v2\/posts\/111897","targetHints":{"allow":["GET"]}}],"collection":[{"href":"https:\/\/linitiative.ca\/International\/wp-json\/wp\/v2\/posts"}],"about":[{"href":"https:\/\/linitiative.ca\/International\/wp-json\/wp\/v2\/types\/post"}],"author":[{"embeddable":true,"href":"https:\/\/linitiative.ca\/International\/wp-json\/wp\/v2\/users\/1789"}],"replies":[{"embeddable":true,"href":"https:\/\/linitiative.ca\/International\/wp-json\/wp\/v2\/comments?post=111897"}],"version-history":[{"count":0,"href":"https:\/\/linitiative.ca\/International\/wp-json\/wp\/v2\/posts\/111897\/revisions"}],"wp:attachment":[{"href":"https:\/\/linitiative.ca\/International\/wp-json\/wp\/v2\/media?parent=111897"}],"wp:term":[{"taxonomy":"category","embeddable":true,"href":"https:\/\/linitiative.ca\/International\/wp-json\/wp\/v2\/categories?post=111897"},{"taxonomy":"post_tag","embeddable":true,"href":"https:\/\/linitiative.ca\/International\/wp-json\/wp\/v2\/tags?post=111897"}],"curies":[{"name":"wp","href":"https:\/\/api.w.org\/{rel}","templated":true}]}}