{"id":111898,"date":"2021-02-23T15:52:53","date_gmt":"2021-02-23T20:52:53","guid":{"rendered":"https:\/\/linitiative.ca\/International\/poursuites-judiciaires-contre-jacob-zuma-la-descente-aux-enfers-se-poursuit\/"},"modified":"2021-02-23T15:52:53","modified_gmt":"2021-02-23T20:52:53","slug":"poursuites-judiciaires-contre-jacob-zuma-la-descente-aux-enfers-se-poursuit","status":"publish","type":"post","link":"https:\/\/linitiative.ca\/International\/poursuites-judiciaires-contre-jacob-zuma-la-descente-aux-enfers-se-poursuit\/","title":{"rendered":"POURSUITES JUDICIAIRES CONTRE JACOB ZUMA : La descente aux enfers se poursuit"},"content":{"rendered":"<div class=\"featured-area featured-area-inner\">\n<figure class=\"single-featured-image\"><img decoding=\"async\" width=\"640\" height=\"360\" src=\"https:\/\/lepays.bf\/wp-content\/uploads\/2021\/02\/110764907_zouma.jpg\" class=\"attachment-jannah-image-post size-jannah-image-post wp-post-image\" alt=\"\" loading=\"lazy\" srcset=\"https:\/\/lepays.bf\/wp-content\/uploads\/2021\/02\/110764907_zouma.jpg 640w, https:\/\/lepays.bf\/wp-content\/uploads\/2021\/02\/110764907_zouma-300x169.jpg 300w, https:\/\/lepays.bf\/wp-content\/uploads\/2021\/02\/110764907_zouma-390x220.jpg 390w\" sizes=\"auto, (max-width: 640px) 100vw, 640px\"\/><\/figure>\n<\/div>\n<div class=\"entry-content entry clearfix\" readability=\"56\">\n<p class=\"c4\">L\u2019\u00e9tau judiciaire se resserre autour de l\u2019ex-pr\u00e9sident sud-africain, Jacob Zuma. C\u2019est le moins que l\u2019on puisse dire. Car en plus des affaires de d\u00e9tournements de deniers publics et de corruption dont on l\u2019accuse, il est d\u00e9sormais poursuivi pour outrage \u00e0 la Justice pour avoir refus\u00e9 d\u2019aller t\u00e9moigner devant la commission anti-corruption mise en place depuis plus de trois ans. On se rappelle qu\u2019il y a un an de cela, la Cour de Pietermaritzburg avait \u00e9mis un mandat d\u2019arr\u00eat contre le pr\u00e9d\u00e9cesseur de Cyril Ramaphosa qui usait de subterfuges pour ne pas r\u00e9pondre \u00e0 une convocation du juge. A l\u2019\u00e9poque, il disait souffrir de troubles de m\u00e9moires.\u00a0 \u00a0Mais ces arguments n\u2019avaient pas suffi \u00e0 convaincre la juge Navi Pillay qui y voyait une ruse de la part de l\u2019ex-pr\u00e9sident, destin\u00e9e \u00e0 retarder l\u2019ouverture de son proc\u00e8s. Elle en voulait pour preuve les modifications constat\u00e9es sur le certificat m\u00e9dical de Zuma, d\u00e9livr\u00e9 par un h\u00f4pital militaire. En tout cas, avec cette nouvelle charge, l\u2019ex-pr\u00e9sident sud-africain qui, on le sait, faisait feu de tout bois pour ajourner son proc\u00e8s, est d\u00e9sormais face \u00e0 ses responsabilit\u00e9s. La descente aux enfers se poursuit pour le natif de Nkandla.<\/p>\n<p class=\"c4\">Son sort est d\u00e9sormais entre les mains du parquet qui d\u00e9cidera de la suite \u00e0 donner \u00e0 la requ\u00eate de la commission qui r\u00e9clame deux ans de prison pour l\u2019ex-pr\u00e9sident. Le mieux pour Zuma serait de changer son fusil d\u2019\u00e9paule et de se mettre \u00e0 \u00a0la disposition de la Justice, au risque de subir une extr\u00eame humiliation en se faisant alpaguer comme un malpropre. Il doit avoir le courage de s\u2019assumer. Car, ce qui lui arrive aujourd\u2019hui n\u2019est ni plus ni moins que la ran\u00e7on de ses turpitudes quand il \u00e9tait encore \u00e0 la t\u00eate de la Nation Arc-en-ciel. Rappelons que ce sont au total 783 chefs d\u2019inculpations qui p\u00e8sent sur la t\u00eate de celui-l\u00e0 dont les Sud-africains, exc\u00e9d\u00e9s, avaient fini par obtenir la d\u00e9mission du pouvoir en f\u00e9vrier 2018\u00a0; tant ils n\u2019en pouvaient plus de supporter ses frasques et autres pitreries. En tout cas, ce qui arrive \u00e0 Zuma doit servir de le\u00e7on \u00e0 tous les dirigeants africains qui prennent trop de libert\u00e9s avec la gestion des deniers publics au point de confondre les caisses de l\u2019Etat avec un legs familial. Les exemples sont si l\u00e9gion sur le continent que l\u2019on ne se risquerait pas \u00e0 vouloir les citer exhaustivement au risque d\u2019en perdre haleine. Esp\u00e9rons donc que le cas Zuma fasse \u00e9cole.<\/p>\n<p class=\"c4\"><strong>\u00a0<\/strong><\/p>\n<p class=\"c4\"><strong>B.O<\/strong><\/p>\n<p class=\"c4\"><strong>\u00a0<\/strong><\/p>\n<\/div>\n<p>Auteur: Le Pays<br \/>\n<a href=\"https:\/\/lepays.bf\/poursuites-judiciaires-contre-jacob-zuma-la-descente-aux-enfers-se-poursuit\/\">Cliquez ici pour lire l&rsquo;article depuis sa source.<\/a><\/p>\n","protected":false},"excerpt":{"rendered":"<p>L\u2019\u00e9tau judiciaire se resserre autour de l\u2019ex-pr\u00e9sident sud-africain, Jacob Zuma. C\u2019est le moins que l\u2019on puisse dire. Car en plus des affaires de d\u00e9tournements de deniers publics et de corruption dont on l\u2019accuse, il est d\u00e9sormais poursuivi pour outrage \u00e0 la Justice pour avoir refus\u00e9 d\u2019aller t\u00e9moigner devant la commission anti-corruption mise en place depuis [&hellip;]<\/p>\n","protected":false},"author":1813,"featured_media":0,"comment_status":"closed","ping_status":"closed","sticky":false,"template":"","format":"standard","meta":{"fifu_image_url":"https:\/\/lepays.bf\/wp-content\/uploads\/2021\/02\/110764907_zouma.jpg","fifu_image_alt":"POURSUITES JUDICIAIRES CONTRE JACOB ZUMA : La descente aux enfers se poursuit","footnotes":""},"categories":[73,81],"tags":[],"class_list":["post-111898","post","type-post","status-publish","format-standard","hentry","category-actualite","category-burkina-faso"],"_links":{"self":[{"href":"https:\/\/linitiative.ca\/International\/wp-json\/wp\/v2\/posts\/111898","targetHints":{"allow":["GET"]}}],"collection":[{"href":"https:\/\/linitiative.ca\/International\/wp-json\/wp\/v2\/posts"}],"about":[{"href":"https:\/\/linitiative.ca\/International\/wp-json\/wp\/v2\/types\/post"}],"author":[{"embeddable":true,"href":"https:\/\/linitiative.ca\/International\/wp-json\/wp\/v2\/users\/1813"}],"replies":[{"embeddable":true,"href":"https:\/\/linitiative.ca\/International\/wp-json\/wp\/v2\/comments?post=111898"}],"version-history":[{"count":0,"href":"https:\/\/linitiative.ca\/International\/wp-json\/wp\/v2\/posts\/111898\/revisions"}],"wp:attachment":[{"href":"https:\/\/linitiative.ca\/International\/wp-json\/wp\/v2\/media?parent=111898"}],"wp:term":[{"taxonomy":"category","embeddable":true,"href":"https:\/\/linitiative.ca\/International\/wp-json\/wp\/v2\/categories?post=111898"},{"taxonomy":"post_tag","embeddable":true,"href":"https:\/\/linitiative.ca\/International\/wp-json\/wp\/v2\/tags?post=111898"}],"curies":[{"name":"wp","href":"https:\/\/api.w.org\/{rel}","templated":true}]}}