{"id":111900,"date":"2021-02-23T15:58:31","date_gmt":"2021-02-23T20:58:31","guid":{"rendered":"https:\/\/linitiative.ca\/International\/attaque-meurtriere-contre-un-convoi-diplomatique-pres-de-goma-une-mauvaise-publicite-pour-la-rdc\/"},"modified":"2021-02-23T15:58:31","modified_gmt":"2021-02-23T20:58:31","slug":"attaque-meurtriere-contre-un-convoi-diplomatique-pres-de-goma-une-mauvaise-publicite-pour-la-rdc","status":"publish","type":"post","link":"https:\/\/linitiative.ca\/International\/attaque-meurtriere-contre-un-convoi-diplomatique-pres-de-goma-une-mauvaise-publicite-pour-la-rdc\/","title":{"rendered":"ATTAQUE MEURTRIERE CONTRE UN CONVOI DIPLOMATIQUE PRES DE GOMA : Une mauvaise publicit\u00e9 pour la RDC"},"content":{"rendered":"<p class=\"c4\">L\u2019ambassadeur italien, Luca Attanasio, en poste depuis d\u00e9but 2018, en RDC, a \u00e9t\u00e9 la cible d\u2019une attaque arm\u00e9e le 22 f\u00e9vrier dernier, dans l\u2019Est du pays, chef-lieu de la province du Nord-Kivu, alors qu\u2019il voyageait dans un convoi du Programme alimentaire mondial (PAM). Cette r\u00e9gion, joyau naturel et touristique, abrite le fameux parc des Virunga, cr\u00e9\u00e9 en 1925 et inscrit au patrimoine mondial de l\u2019UNESCO. Cette r\u00e9serve qui s\u2019\u00e9tend sur 7\u00a0769 km\u00b2, de Goma jusqu\u2019au territoire de B\u00e9ni, est surveill\u00e9e, selon des sources officielles, par 689 <em>rangers<\/em> arm\u00e9s dont au moins 200 ont \u00e9t\u00e9 tu\u00e9s dans l\u2019exercice de leurs fonctions. Cela en dit long sur l\u2019ins\u00e9curit\u00e9 qui y r\u00e8gne.<\/p>\n<p class=\"c4\">Qu\u2019\u00e9tait donc all\u00e9 chercher l\u2019ambassadeur dans cette zone d\u2019extr\u00eame ins\u00e9curit\u00e9\u00a0? La question est d\u2019autant plus l\u00e9gitime, si l\u2019on consid\u00e8re la pr\u00e9sence, en ces lieux tr\u00e8s hostiles, de la dizaine de groupes arm\u00e9s qui op\u00e8rent entre la RDC, le Rwanda et l\u2019Ouganda. En effet, ces groupes arm\u00e9s se disputent entre montagnes et for\u00eats, et ce, depuis plus de 25 ans, les richesses du sol et du sous-sol de cette partie de la RDC.<\/p>\n<p class=\"c4\">C\u2019est dans un tel environnement \u00e0 la fois paradisiaque et inhospitalier, que le diplomate italien, Luca Attanasio, a \u00e9t\u00e9 bless\u00e9 par balles \u00e0 l\u2019abdomen, dans une tentative d\u2019enl\u00e8vement pr\u00e9sum\u00e9e, selon les autorit\u00e9s locales. Evacu\u00e9 vers un h\u00f4pital \u00e0 Goma dans un \u00e9tat jug\u00e9 critique, il succombera \u00e0 ses blessures, tout comme son chauffeur et l\u2019un de ses gardes du corps.<\/p>\n<p class=\"c4\">Rome est en deuil. L\u2019irr\u00e9m\u00e9diable est arriv\u00e9. Peut-on, au moins, tirer des le\u00e7ons pour l\u2019avenir\u00a0? La RDC devra d\u00e9sormais prendre toutes les dispositions afin d\u2019\u00e9viter qu\u2019une situation semblable ne se reproduise, au risque d\u2019entacher les relations diplomatiques avec d\u2019autres pays.<\/p>\n<p class=\"c4\"><strong>Il n\u2019est pas courant qu\u2019un ambassadeur perde la vie dans une banale tentative d\u2019enl\u00e8vement<\/strong><\/p>\n<p class=\"c4\">Car, la s\u00e9curisation des ambassadeurs doit \u00eatre l\u2019une des priorit\u00e9s, par excellence, des pays h\u00f4tes. Pour le cas de la RDC, rappelons que c\u2019est un pays o\u00f9 se conjuguent instabilit\u00e9 sociopolitique et op\u00e9rations meurtri\u00e8res de bandes arm\u00e9es difficiles \u00e0 ma\u00eetriser, auxquelles s\u2019ajoutent les risques sanitaires et la corruption \u00e0 outrance. Certes, il existe dans le monde, des zones plus hostiles, notamment les pays connus pour leur grande ins\u00e9curit\u00e9 li\u00e9e au djihadisme arm\u00e9, \u00e0 l\u2019instar de l\u2019Afghanistan, de l\u2019Irak ou de la Syrie. Mais m\u00eame dans ces pays, il n\u2019est pas courant qu\u2019un ambassadeur perde la vie dans une banale tentative d\u2019enl\u00e8vement. D\u2019o\u00f9 la question\u00a0: toutes les pr\u00e9cautions s\u00e9curitaires avaient-elles \u00e9t\u00e9 vraiment prises\u00a0?<\/p>\n<p class=\"c4\">Car, on le sait, depuis un certain temps, c\u2019est comme si les assaillants arm\u00e9s avaient d\u00e9cid\u00e9 de jeter leur d\u00e9volu sur les diplomates. Ce fut le cas, par exemple, \u00e0 Ouagadougou o\u00f9 l\u2019ambassadeur du Maroc au Burkina Faso, Youssef Slaoui, avait \u00e9t\u00e9 agress\u00e9 dans la nuit du jeudi 11 f\u00e9vrier 2021, par des individus roulant \u00e0 moto. L\u2019un des malfrats, un homme de 36 ans, avait \u00e9t\u00e9 abattu pendant l\u2019intervention des forces de l\u2019ordre qui avaient su r\u00e9agir \u00e0 temps et avec professionnalisme. Tr\u00e8s vite, le gouvernement, tout en esp\u00e9rant que cela n\u2019entachera pas les liens s\u00e9culaires qui unissent les peuples burkinab\u00e8 et marocain, a pris des mesures afin de renforcer la s\u00e9curit\u00e9 autour des ambassades et des zones de r\u00e9sidence. Cette marque de responsabilit\u00e9 doit \u00eatre l\u2019apanage de tous les pays, notamment ceux d\u2019Afrique\u00a0!<\/p>\n<p class=\"c4\"><strong>Monique NARE<\/strong><\/p>\n<p>Auteur: Le Pays<br \/>\n<a href=\"https:\/\/lepays.bf\/attaque-meurtriere-contre-un-convoi-diplomatique-pres-de-goma-une-mauvaise-publicite-pour-la-rdc\/\">Cliquez ici pour lire l&rsquo;article depuis sa source.<\/a><\/p>\n","protected":false},"excerpt":{"rendered":"<p>L\u2019ambassadeur italien, Luca Attanasio, en poste depuis d\u00e9but 2018, en RDC, a \u00e9t\u00e9 la cible d\u2019une attaque arm\u00e9e le 22 f\u00e9vrier dernier, dans l\u2019Est du pays, chef-lieu de la province du Nord-Kivu, alors qu\u2019il voyageait dans un convoi du Programme alimentaire mondial (PAM). Cette r\u00e9gion, joyau naturel et touristique, abrite le fameux parc des Virunga, [&hellip;]<\/p>\n","protected":false},"author":1813,"featured_media":0,"comment_status":"closed","ping_status":"closed","sticky":false,"template":"","format":"standard","meta":{"fifu_image_url":"","fifu_image_alt":"","footnotes":""},"categories":[73,81],"tags":[],"class_list":["post-111900","post","type-post","status-publish","format-standard","hentry","category-actualite","category-burkina-faso"],"_links":{"self":[{"href":"https:\/\/linitiative.ca\/International\/wp-json\/wp\/v2\/posts\/111900","targetHints":{"allow":["GET"]}}],"collection":[{"href":"https:\/\/linitiative.ca\/International\/wp-json\/wp\/v2\/posts"}],"about":[{"href":"https:\/\/linitiative.ca\/International\/wp-json\/wp\/v2\/types\/post"}],"author":[{"embeddable":true,"href":"https:\/\/linitiative.ca\/International\/wp-json\/wp\/v2\/users\/1813"}],"replies":[{"embeddable":true,"href":"https:\/\/linitiative.ca\/International\/wp-json\/wp\/v2\/comments?post=111900"}],"version-history":[{"count":0,"href":"https:\/\/linitiative.ca\/International\/wp-json\/wp\/v2\/posts\/111900\/revisions"}],"wp:attachment":[{"href":"https:\/\/linitiative.ca\/International\/wp-json\/wp\/v2\/media?parent=111900"}],"wp:term":[{"taxonomy":"category","embeddable":true,"href":"https:\/\/linitiative.ca\/International\/wp-json\/wp\/v2\/categories?post=111900"},{"taxonomy":"post_tag","embeddable":true,"href":"https:\/\/linitiative.ca\/International\/wp-json\/wp\/v2\/tags?post=111900"}],"curies":[{"name":"wp","href":"https:\/\/api.w.org\/{rel}","templated":true}]}}