{"id":111901,"date":"2021-02-23T16:02:36","date_gmt":"2021-02-23T21:02:36","guid":{"rendered":"https:\/\/linitiative.ca\/International\/lancement-de-la-campagne-vaccinale-contre-la-covid-19-au-senegal-des-doses-insuffisantes-mais-porteuses-despoir\/"},"modified":"2021-02-23T16:02:36","modified_gmt":"2021-02-23T21:02:36","slug":"lancement-de-la-campagne-vaccinale-contre-la-covid-19-au-senegal-des-doses-insuffisantes-mais-porteuses-despoir","status":"publish","type":"post","link":"https:\/\/linitiative.ca\/International\/lancement-de-la-campagne-vaccinale-contre-la-covid-19-au-senegal-des-doses-insuffisantes-mais-porteuses-despoir\/","title":{"rendered":"LANCEMENT DE LA CAMPAGNE VACCINALE CONTRE LA COVID-19 AU SENEGAL: Des doses insuffisantes mais porteuses d\u2019espoir"},"content":{"rendered":"<p class=\"c4\">Dans le cadre de sa strat\u00e9gie de riposte contre la COVID- 19, le pr\u00e9sident s\u00e9n\u00e9galais, Macky Sall, a entrepris au profit de son pays, en attendant la mise en \u0153uvre de l\u2019initiative COVAX, de mener une politique bilat\u00e9rale avec la Chine, pr\u00e9cis\u00e9ment avec la firme chinoise SINOPHARM. C\u2019est ainsi que 200\u00a0000 doses ont \u00e9t\u00e9 mises \u00e0 la disposition du S\u00e9n\u00e9gal, avec une contrepartie financi\u00e8re de plus de 2 milliards de FCFA.<\/p>\n<p class=\"c4\">Cette campagne vaccinale a d\u00e9marr\u00e9 le 22 f\u00e9vrier dernier, les groupes cibles \u00e9tant, selon le pr\u00e9sident s\u00e9n\u00e9galais lui-m\u00eame, le personnel de la sant\u00e9 et de l\u2019action sociale, les personnes de plus de 60 ans et celles pr\u00e9sentant des <em>\u00ab\u00a0comorbidit\u00e9s<\/em>\u00a0\u00bb. Plus de 3 millions de personnes sont vis\u00e9es par cette campagne, alors que la population totale s\u00e9n\u00e9galaise est estim\u00e9e \u00e0 pr\u00e8s de 17 millions. Selon les statistiques r\u00e9centes du minist\u00e8re s\u00e9n\u00e9galais de la Sant\u00e9, 31\u00a0771 personnes ont \u00e9t\u00e9, au total, contamin\u00e9es par le virus, pour 26\u00a0095 cas gu\u00e9ris et 769 morts enregistr\u00e9s.<\/p>\n<p class=\"c4\">Ainsi, le pr\u00e9sident Macky Sall devient le leader, en mati\u00e8re de campagne vaccinale contre la COVID-19 en Afrique de l\u2019Ouest. Il est normal de lui reconna\u00eetre cette qualit\u00e9, d\u2019autant que la pr\u00e9occupation de pr\u00e9munir les populations contre la pand\u00e9mie, ne semble pas la chose la mieux partag\u00e9e dans certaines contr\u00e9es africaines, surtout dans les pays o\u00f9 s\u00e9vissent la guerre et l\u2019instabilit\u00e9 politique.<\/p>\n<p class=\"c4\">Certes, le nombre de doses reste insuffisant, au regard des ambitions du pr\u00e9sident s\u00e9n\u00e9galais qui envisage, pour ce faire, de multiplier les initiatives. Mais si cela peut paraitre pour les pays d\u00e9velopp\u00e9s <em>\u00ab\u00a0un petit pas\u00a0<\/em>\u00bb, il constitue pour la plupart des pays d\u2019Afrique subsaharienne, un <em>\u00ab\u00a0pas de g\u00e9ant\u00a0<\/em>\u00bb dans cette croisade qui s\u2019annonce longue, on\u00e9reuse et fastidieuse, contre la propagation de la pand\u00e9mie.<\/p>\n<p class=\"c4\"><strong>Toute campagne vaccinale en Afrique subsaharienne devra s\u2019accompagner d\u2019un dispositif juridique<\/strong><\/p>\n<p class=\"c4\">Cependant, rien ne sert de commencer dans un d\u00e9lai raisonnable une campagne vaccinale. Il faut y mettre toute la rigueur n\u00e9cessaire, afin que les doses profitent effectivement aux groupes cibles, dans la phase actuelle de la campagne vaccinale, sans un quelconque laxisme ou favoritisme.<\/p>\n<p class=\"c4\">Prenons, \u00e0 cet effet, l\u2019exemple de la campagne vaccinale marocaine contre la COVID-19, au cours de laquelle certains comportements d\u00e9plorables avaient commenc\u00e9 \u00e0 entacher la bonne marche de la campagne, vers la fin de ce mois de janvier. Pour y faire face, les autorit\u00e9s marocaines avaient d\u00e9cid\u00e9 d\u2019agir sans complaisance. C\u2019est ainsi que deux cadres, responsables de la campagne vaccinale, avaient \u00e9t\u00e9 suspendus de leur travail, apr\u00e8s que huit personnes in\u00e9ligibles \u00e0 la vaccination ont re\u00e7u un vaccin. Aussi une enqu\u00eate avait-elle \u00e9t\u00e9 ouverte, pour faire la lumi\u00e8re sur les faits et circonstances entourant cet incident. A ce sujet, une certaine opinion avait trouv\u00e9 cette action disproportionn\u00e9e. C\u2019est parce qu\u2019\u00e9videmment, en Afrique, les pratiques de n\u00e9potisme paraissent pour certains, presque normales.<\/p>\n<p class=\"c4\">Cela dit, toute campagne vaccinale en Afrique subsaharienne devra s\u2019accompagner d\u2019un dispositif juridique, \u00e0 m\u00eame de bien encadrer la distribution efficace et \u00e9quitable des doses. Cela \u00e9vitera les pratiques de n\u00e9potisme qui sont l\u00e9gion dans nos administrations en g\u00e9n\u00e9ral et dans nos structures sanitaires en particulier.<\/p>\n<p class=\"c4\"><strong>\u00a0<\/strong><\/p>\n<p class=\"c4\"><strong>Monique NARE<\/strong><\/p>\n<p class=\"c4\"><strong>\u00a0\u00a0<\/strong><\/p>\n<p class=\"c4\"><strong>\u00a0<\/strong><\/p>\n<p class=\"c4\"><strong>\u00a0<\/strong><\/p>\n<p class=\"c4\"><strong>\u00a0<\/strong><\/p>\n<p>Auteur: Le Pays<br \/>\n<a href=\"https:\/\/lepays.bf\/lancement-de-la-campagne-vaccinale-contre-la-covid-19-au-senegal-des-doses-insuffisantes-mais-porteuses-despoir\/\">Cliquez ici pour lire l&rsquo;article depuis sa source.<\/a><\/p>\n","protected":false},"excerpt":{"rendered":"<p>Dans le cadre de sa strat\u00e9gie de riposte contre la COVID- 19, le pr\u00e9sident s\u00e9n\u00e9galais, Macky Sall, a entrepris au profit de son pays, en attendant la mise en \u0153uvre de l\u2019initiative COVAX, de mener une politique bilat\u00e9rale avec la Chine, pr\u00e9cis\u00e9ment avec la firme chinoise SINOPHARM. C\u2019est ainsi que 200\u00a0000 doses ont \u00e9t\u00e9 mises [&hellip;]<\/p>\n","protected":false},"author":1813,"featured_media":0,"comment_status":"closed","ping_status":"closed","sticky":false,"template":"","format":"standard","meta":{"fifu_image_url":"","fifu_image_alt":"","footnotes":""},"categories":[73,81],"tags":[],"class_list":["post-111901","post","type-post","status-publish","format-standard","hentry","category-actualite","category-burkina-faso"],"_links":{"self":[{"href":"https:\/\/linitiative.ca\/International\/wp-json\/wp\/v2\/posts\/111901","targetHints":{"allow":["GET"]}}],"collection":[{"href":"https:\/\/linitiative.ca\/International\/wp-json\/wp\/v2\/posts"}],"about":[{"href":"https:\/\/linitiative.ca\/International\/wp-json\/wp\/v2\/types\/post"}],"author":[{"embeddable":true,"href":"https:\/\/linitiative.ca\/International\/wp-json\/wp\/v2\/users\/1813"}],"replies":[{"embeddable":true,"href":"https:\/\/linitiative.ca\/International\/wp-json\/wp\/v2\/comments?post=111901"}],"version-history":[{"count":0,"href":"https:\/\/linitiative.ca\/International\/wp-json\/wp\/v2\/posts\/111901\/revisions"}],"wp:attachment":[{"href":"https:\/\/linitiative.ca\/International\/wp-json\/wp\/v2\/media?parent=111901"}],"wp:term":[{"taxonomy":"category","embeddable":true,"href":"https:\/\/linitiative.ca\/International\/wp-json\/wp\/v2\/categories?post=111901"},{"taxonomy":"post_tag","embeddable":true,"href":"https:\/\/linitiative.ca\/International\/wp-json\/wp\/v2\/tags?post=111901"}],"curies":[{"name":"wp","href":"https:\/\/api.w.org\/{rel}","templated":true}]}}