{"id":111902,"date":"2021-02-23T16:10:12","date_gmt":"2021-02-23T21:10:12","guid":{"rendered":"https:\/\/linitiative.ca\/International\/affaire-tentative-de-destabilisation-de-la-transition-les-maliens-ne-doivent-pas-se-tromper-dennemi\/"},"modified":"2021-02-23T16:10:12","modified_gmt":"2021-02-23T21:10:12","slug":"affaire-tentative-de-destabilisation-de-la-transition-les-maliens-ne-doivent-pas-se-tromper-dennemi","status":"publish","type":"post","link":"https:\/\/linitiative.ca\/International\/affaire-tentative-de-destabilisation-de-la-transition-les-maliens-ne-doivent-pas-se-tromper-dennemi\/","title":{"rendered":"AFFAIRE TENTATIVE DE DESTABILISATION DE LA TRANSITION : Les Maliens ne doivent pas se tromper d\u2019ennemi"},"content":{"rendered":"<p class=\"c4\">L\u2019affaire a fait grand bruit en son temps au Mali et continue d\u2019alimenter le d\u00e9bat sur les bords du fleuve Djoliba. Il s\u2019agit de la proc\u00e9dure judiciaire engag\u00e9e contre des personnalit\u00e9s accus\u00e9es, en fin d\u2019ann\u00e9e, de vell\u00e9it\u00e9s de d\u00e9stabilisation de la Transition. Au nombre de celles-ci, l\u2019ancien Premier ministre du r\u00e9gime d\u00e9chu d\u2019Ibrahim Boubacar Keita (IBK), Boubou Ciss\u00e9, entr\u00e9 dans la clandestinit\u00e9, et le non moins c\u00e9l\u00e8bre chroniqueur radio, <em>Ras Bath<\/em>, Mohamed Youssouf Bathily de son vrai nom, qui avait \u00e9t\u00e9 arr\u00eat\u00e9 et incarc\u00e9r\u00e9 avec quatre autres accus\u00e9s, fin d\u00e9cembre 2020. S\u2019il est reproch\u00e9, entre autres, \u00e0 l\u2019animateur radio des propos insultants \u00e0 l\u2019encontre du pr\u00e9sident de la Transition, visant \u00ab\u00a0<em>\u00e0 ternir l\u2019image des autorit\u00e9s de la Transition<\/em>\u00a0\u00bb, <em>\u00ab\u00a0radicaliser les positions<\/em>\u00a0\u00bb et <em>\u00ab\u00a0discr\u00e9diter les forces de d\u00e9fense et de s\u00e9curit\u00e9\u00a0<\/em>\u00bb, l\u2019ex-Premier ministre est, pour sa part, accus\u00e9 d\u2019avoir organis\u00e9 des r\u00e9unions nocturnes visant \u00e0 faire tomber\u2026 les tombeurs de son mentor, en plus de <em>\u00ab\u00a0sacrifices rituels\u00a0<\/em>\u00bb r\u00e9alis\u00e9s de concert avec l\u2019ancien secr\u00e9taire g\u00e9n\u00e9ral de la Pr\u00e9sidence qui, lui aussi, est sous le coup des accusations port\u00e9es devant la Chambre d\u2019accusation qui devait se prononcer sur la question le 23 f\u00e9vrier 2021.<\/p>\n<p class=\"c4\"><strong>Il est imp\u00e9ratif de tourner la page pour se projeter vers l\u2019avenir en vue de remettre le plus vite possible le pays sur les rails de la d\u00e9mocratie<\/strong><\/p>\n<p class=\"c4\">Le moins que l\u2019on puisse dire, c\u2019est que ce feuilleton judiciaire est une mauvaise publicit\u00e9 dont le Mali aurait pu se passer, au moment o\u00f9 le pays traverse une p\u00e9riode sensible cons\u00e9cutive au coup d\u2019Etat du 18 ao\u00fbt dernier qui a renvers\u00e9 le pr\u00e9sident IBK, et ouvert une transition de toutes les incertitudes dans un pays o\u00f9 le d\u00e9fi s\u00e9curitaire li\u00e9 notamment \u00e0 la lutte contre le terrorisme, reste encore entier. Car, c\u2019est justement ce genre d\u2019affaires qui contribue plus \u00e0 diviser les fils et filles d\u2019un pays en guerre comme le Mali, qu\u2019\u00e0 les rassembler dans une union sacr\u00e9e contre l\u2019ennemi commun et clairement identifi\u00e9 qu\u2019est le terrorisme qui a s\u00e9rieusement mis sous menace, l\u2019int\u00e9grit\u00e9 du territoire malien depuis bient\u00f4t pr\u00e8s d\u2019une d\u00e9cennie. C\u2019est dire si les Maliens ne doivent pas se tromper d\u2019ennemi. Car, ils auraient plus \u00e0 perdre de m\u00e9sententes qui remettraient en cause la coh\u00e9sion nationale que de travailler \u00e0 une v\u00e9ritable r\u00e9conciliation. Une concorde nationale qui contribuerait davantage \u00e0 ressouder le tissu social fortement \u00e9cartel\u00e9s entre des int\u00e9r\u00eats politiques divergents depuis les manifestations monstres qui ont conduit \u00e0 la chute d\u2019IBK dans les conditions que l\u2019on sait.\u00a0 C\u2019est pourquoi il est imp\u00e9ratif \u00e0 pr\u00e9sent, de tourner la page pour se projeter vers l\u2019avenir en vue de remettre le plus vite possible le pays sur les rails de la d\u00e9mocratie, par un retour rapide \u00e0 l\u2019ordre constitutionnel normal. En la mati\u00e8re, il ne s\u2019agit pas de faire l\u2019impasse sur la proc\u00e9dure judiciaire qui, quoi qu\u2019on dise, participe de la construction de l\u2019Etat de droit si tant est que les choses se passent dans les r\u00e8gles de l\u2019art. Il faut d\u2019ailleurs s\u2019en f\u00e9liciter car, sous d\u2019autres cieux et dans d\u2019autres circonstances, des affaires du genre qui rel\u00e8vent souvent de la s\u00fbret\u00e9 de l\u2019Etat, ont \u00e9t\u00e9 frapp\u00e9es d\u2019une omerta qui ne laissait pas beaucoup de place \u00e0 une justice \u00e9quitable.<\/p>\n<p class=\"c4\"><strong>Il s\u2019agit d\u2019\u00e9viter de tomber dans toute proc\u00e9dure qui pourrait s\u2019apparenter \u00e0 une chasse aux sorci\u00e8res<\/strong><\/p>\n<p class=\"c4\">Il est donc heureux que les accus\u00e9s aient eu droit \u00e0 des avocats pour les d\u00e9fendre. Il est encore heureux que la Chambre d\u2019accusation ait voix au chapitre pour juger de l\u2019opportunit\u00e9 ou non des poursuites. C\u2019est d\u00e9j\u00e0 un pas dans la bonne direction, qui ne saurait passer sous silence dans un Etat d\u2019exception. Maintenant, il s\u2019agit d\u2019\u00e9viter de tomber dans toute proc\u00e9dure qui pourrait s\u2019apparenter \u00e0 une chasse aux sorci\u00e8res qui a souvent montr\u00e9 des effets n\u00e9fastes. Car, les v\u00e9ritables d\u00e9fis du Mali aujourd\u2019hui,\u00a0 sont ailleurs. Notamment dans la conduite \u00e0 bon port de la Transition, pour d\u00e9boucher, dans les plus brefs d\u00e9lais, sur des \u00e9lections libres et transparentes \u00e0 m\u00eame de remettre le pays sur les rails de la d\u00e9mocratie. Ensuite, dans la lutte sans merci contre les forces du mal qui sont les v\u00e9ritables ennemis du Mali, et qui semblent reprendre du poil de la b\u00eate chaque fois que l\u2019espoir de r\u00e9duire consid\u00e9rablement leur voilure na\u00eet \u00e0 la suite d\u2019op\u00e9rations militaires rondement men\u00e9es sur le terrain. C\u2019est sur ce terrain-l\u00e0 que les autorit\u00e9s de la Transition sont le plus attendues. C\u2019est pourquoi l\u2019on ose esp\u00e9rer que dans l\u2019intervalle, elles ne sauraient se permettre l\u2019\u00e9pouvantail d\u2019une cabale politique destin\u00e9e \u00e0 faire taire des voix discordantes encore moins \u00e0 se faire davantage craindre de leurs compatriotes.<\/p>\n<p class=\"c4\"><strong>\u00a0<\/strong><\/p>\n<p class=\"c4\"><strong><em>\u00ab\u00a0Le Pays\u00a0\u00bb<\/em><\/strong><\/p>\n<p class=\"c4\"><strong>\u00a0<\/strong><\/p>\n<p class=\"c4\"><strong>\u00a0<\/strong><\/p>\n<p class=\"c4\"><strong>\u00a0<\/strong><\/p>\n<p>Auteur: Le Pays<br \/>\n<a href=\"https:\/\/lepays.bf\/affaire-tentative-de-destabilisation-de-la-transition-les-maliens-ne-doivent-pas-se-tromper-dennemi\/\">Cliquez ici pour lire l&rsquo;article depuis sa source.<\/a><\/p>\n","protected":false},"excerpt":{"rendered":"<p>L\u2019affaire a fait grand bruit en son temps au Mali et continue d\u2019alimenter le d\u00e9bat sur les bords du fleuve Djoliba. Il s\u2019agit de la proc\u00e9dure judiciaire engag\u00e9e contre des personnalit\u00e9s accus\u00e9es, en fin d\u2019ann\u00e9e, de vell\u00e9it\u00e9s de d\u00e9stabilisation de la Transition. Au nombre de celles-ci, l\u2019ancien Premier ministre du r\u00e9gime d\u00e9chu d\u2019Ibrahim Boubacar Keita [&hellip;]<\/p>\n","protected":false},"author":1813,"featured_media":0,"comment_status":"closed","ping_status":"closed","sticky":false,"template":"","format":"standard","meta":{"fifu_image_url":"","fifu_image_alt":"","footnotes":""},"categories":[73,81],"tags":[],"class_list":["post-111902","post","type-post","status-publish","format-standard","hentry","category-actualite","category-burkina-faso"],"_links":{"self":[{"href":"https:\/\/linitiative.ca\/International\/wp-json\/wp\/v2\/posts\/111902","targetHints":{"allow":["GET"]}}],"collection":[{"href":"https:\/\/linitiative.ca\/International\/wp-json\/wp\/v2\/posts"}],"about":[{"href":"https:\/\/linitiative.ca\/International\/wp-json\/wp\/v2\/types\/post"}],"author":[{"embeddable":true,"href":"https:\/\/linitiative.ca\/International\/wp-json\/wp\/v2\/users\/1813"}],"replies":[{"embeddable":true,"href":"https:\/\/linitiative.ca\/International\/wp-json\/wp\/v2\/comments?post=111902"}],"version-history":[{"count":0,"href":"https:\/\/linitiative.ca\/International\/wp-json\/wp\/v2\/posts\/111902\/revisions"}],"wp:attachment":[{"href":"https:\/\/linitiative.ca\/International\/wp-json\/wp\/v2\/media?parent=111902"}],"wp:term":[{"taxonomy":"category","embeddable":true,"href":"https:\/\/linitiative.ca\/International\/wp-json\/wp\/v2\/categories?post=111902"},{"taxonomy":"post_tag","embeddable":true,"href":"https:\/\/linitiative.ca\/International\/wp-json\/wp\/v2\/tags?post=111902"}],"curies":[{"name":"wp","href":"https:\/\/api.w.org\/{rel}","templated":true}]}}