{"id":111904,"date":"2021-02-23T16:31:57","date_gmt":"2021-02-23T21:31:57","guid":{"rendered":"https:\/\/linitiative.ca\/International\/can-u20-joffrey-bazie-veut-ecrire-une-belle-page-du-football-burkinabe\/"},"modified":"2021-02-23T16:31:57","modified_gmt":"2021-02-23T21:31:57","slug":"can-u20-joffrey-bazie-veut-ecrire-une-belle-page-du-football-burkinabe","status":"publish","type":"post","link":"https:\/\/linitiative.ca\/International\/can-u20-joffrey-bazie-veut-ecrire-une-belle-page-du-football-burkinabe\/","title":{"rendered":"CAN U20 : Joffrey Bazi\u00e9 veut \u00e9crire une belle page du football burkinab\u00e8"},"content":{"rendered":"<div class=\"td-post-featured-image\">\n<figure><a href=\"https:\/\/www.sidwaya.info\/wp-content\/uploads\/2021\/02\/bazie.jpg\" data-caption=\"Le jeune Joffrey Bazi\u00e9 dit Nino r\u00eave grand\"><img loading=\"lazy\" decoding=\"async\" width=\"696\" height=\"482\" class=\"entry-thumb td-modal-image\" src=\"https:\/\/www.sidwaya.info\/wp-content\/uploads\/2021\/02\/bazie-696x482.jpg\" srcset=\"https:\/\/www.sidwaya.info\/wp-content\/uploads\/2021\/02\/bazie-696x482.jpg 696w, https:\/\/www.sidwaya.info\/wp-content\/uploads\/2021\/02\/bazie-300x208.jpg 300w, https:\/\/www.sidwaya.info\/wp-content\/uploads\/2021\/02\/bazie-768x532.jpg 768w, https:\/\/www.sidwaya.info\/wp-content\/uploads\/2021\/02\/bazie-150x104.jpg 150w, https:\/\/www.sidwaya.info\/wp-content\/uploads\/2021\/02\/bazie-218x150.jpg 218w, https:\/\/www.sidwaya.info\/wp-content\/uploads\/2021\/02\/bazie-607x420.jpg 607w, https:\/\/www.sidwaya.info\/wp-content\/uploads\/2021\/02\/bazie-100x70.jpg 100w, https:\/\/www.sidwaya.info\/wp-content\/uploads\/2021\/02\/bazie.jpg 780w\" sizes=\"auto, (max-width: 696px) 100vw, 696px\" alt=\"\" title=\"bazie\"\/><\/a><figcaption class=\"wp-caption-text\">Le jeune Joffrey Bazi\u00e9 dit Nino r\u00eave grand<\/figcaption><\/figure>\n<\/div>\n<p>La rencontre Burkina Faso- Centrafrique de la 2e journ\u00e9e de la 22e Coupe d\u2019Afrique des Nations (CAN) dispute son ultime moment avant la pause. A cet instant, ce sont les Fauves centrafricains qui m\u00e8nent au score. Un dernier coup franc est siffl\u00e9 \u00e0 l\u2019avantage des Etalons. Joffrey Bazi\u00e9 s\u2019avance. Du pied gauche, il place la boule en cuir dans la lucarne du portier centrafricain. La parit\u00e9 est \u00e9tablie. A la fin de la rencontre, ce sont les Etalons qui gagnent avec l\u2019auteur du but \u00e9galisateur d\u00e9sign\u00e9 meilleur joueur du match. Quoi de plus normal puisque durant la partie, Nino comme l\u2019appelle affectueusement les intimes a \u00e9t\u00e9 d\u2019une importance capitale pour les siens. Au-del\u00e0 de son goal, il a \u00e9t\u00e9 le d\u00e9clencheur de toutes les actions dangereuses des Burkinab\u00e8, comme celle qui a occasionn\u00e9 le 2e but. N\u00e9 le 27 octobre 2003, le gar\u00e7on n\u2019a connu qu\u2019une seule \u00e9quipe jusque-l\u00e0.<\/p>\n<p>Il s\u2019agit de Salitas qu\u2019il a int\u00e9gr\u00e9 d\u00e8s l\u2019\u00e2ge de 13 ans. Celui que beaucoup comparent d\u00e9j\u00e0 \u00e0 Bertrand Traor\u00e9 eu \u00e9gard \u00e0 leur morphologie, leur technique, leur fa\u00e7on de jouer et leur bon pied gauche r\u00eave naturellement de ressembler au soci\u00e9taire d\u2019Aston Villa, d\u2019o\u00f9 d\u00e9j\u00e0 ce surnom de \u00ab Petit Bertrand \u00bb. Nino a arr\u00eat\u00e9 les \u00e9tudes en classe de 3e. \u00abL\u2019\u00e9cole n\u2019avait pas d\u2019importance pour moi. Dans ma t\u00eate, c\u2019\u00e9tait le football ou rien. C\u2019est pour cela que je me disputais chaque fois avec mon p\u00e8re \u00bb, explique-t-il. \u00ab Petit Bertrand\u00bb qui aime aussi le basketball r\u00eave de jouer un jour dans la formation espagnole du FC Barcelone. \u00abMon objectif est d\u2019\u00eatre un grand joueur professionnel. Remporter des titres comme la champions League europ\u00e9enne et biens d\u2019autres troph\u00e9es pour mon pays le Burkina Faso. Je veux \u00e9crire une histoire du football burkinab\u00e8 \u00bb a pr\u00e9venu Joffrey Bazi\u00e9. En attendant, il doit travailler, comme le conseille l\u2019entra\u00eeneur des Etalons U20, son physique et ses prises de responsabilit\u00e9. \u00ab Sinon, il est technique, un bon pied gauche et une bonne vision de jeu \u00bb a appr\u00e9ci\u00e9 Oscar Barro.<\/p>\n<p class=\"c1\"><strong>Yves OUEDRAOGO<\/strong><br \/>Envoy\u00e9 sp\u00e9cial \u00e0 Nouakchott.<\/p>\n<div class=\"td-a-rec td-a-rec-id-content_bottom tdi_33_72e td_block_template_1\">\n<p><img loading=\"lazy\" decoding=\"async\" class=\"aligncenter size-full wp-image-27454\" src=\"https:\/\/www.sidwaya.info\/wp-content\/uploads\/2020\/10\/PUB-Bandeau-paiement-mobile-siteweb.jpg\" alt=\"\" width=\"728\" height=\"90\"\/><\/div>\n<p>Auteur: JK. Sidwaya<br \/>\n<a href=\"https:\/\/www.sidwaya.info\/blog\/2021\/02\/23\/can-u20-joffrey-bazie-veut-ecrire-une-belle-page-du-football-burkinabe\/\">Cliquez ici pour lire l&rsquo;article depuis sa source.<\/a><\/p>\n","protected":false},"excerpt":{"rendered":"<p>Le jeune Joffrey Bazi\u00e9 dit Nino r\u00eave grand La rencontre Burkina Faso- Centrafrique de la 2e journ\u00e9e de la 22e Coupe d\u2019Afrique des Nations (CAN) dispute son ultime moment avant la pause. A cet instant, ce sont les Fauves centrafricains qui m\u00e8nent au score. Un dernier coup franc est siffl\u00e9 \u00e0 l\u2019avantage des Etalons. Joffrey [&hellip;]<\/p>\n","protected":false},"author":1816,"featured_media":0,"comment_status":"closed","ping_status":"closed","sticky":false,"template":"","format":"standard","meta":{"fifu_image_url":"https:\/\/www.sidwaya.info\/wp-content\/uploads\/2021\/02\/bazie-696x482.jpg","fifu_image_alt":"CAN U20 : Joffrey Bazi\u00e9 veut \u00e9crire une belle page du football burkinab\u00e8","footnotes":""},"categories":[73,81],"tags":[],"class_list":["post-111904","post","type-post","status-publish","format-standard","hentry","category-actualite","category-burkina-faso"],"_links":{"self":[{"href":"https:\/\/linitiative.ca\/International\/wp-json\/wp\/v2\/posts\/111904","targetHints":{"allow":["GET"]}}],"collection":[{"href":"https:\/\/linitiative.ca\/International\/wp-json\/wp\/v2\/posts"}],"about":[{"href":"https:\/\/linitiative.ca\/International\/wp-json\/wp\/v2\/types\/post"}],"author":[{"embeddable":true,"href":"https:\/\/linitiative.ca\/International\/wp-json\/wp\/v2\/users\/1816"}],"replies":[{"embeddable":true,"href":"https:\/\/linitiative.ca\/International\/wp-json\/wp\/v2\/comments?post=111904"}],"version-history":[{"count":0,"href":"https:\/\/linitiative.ca\/International\/wp-json\/wp\/v2\/posts\/111904\/revisions"}],"wp:attachment":[{"href":"https:\/\/linitiative.ca\/International\/wp-json\/wp\/v2\/media?parent=111904"}],"wp:term":[{"taxonomy":"category","embeddable":true,"href":"https:\/\/linitiative.ca\/International\/wp-json\/wp\/v2\/categories?post=111904"},{"taxonomy":"post_tag","embeddable":true,"href":"https:\/\/linitiative.ca\/International\/wp-json\/wp\/v2\/tags?post=111904"}],"curies":[{"name":"wp","href":"https:\/\/api.w.org\/{rel}","templated":true}]}}