{"id":111905,"date":"2021-02-23T16:44:29","date_gmt":"2021-02-23T21:44:29","guid":{"rendered":"https:\/\/linitiative.ca\/International\/ministere-de-la-communication-le-sg-rabankhi-abou-bakr-zida-installe-dans-ses-fonctions\/"},"modified":"2021-02-23T16:44:29","modified_gmt":"2021-02-23T21:44:29","slug":"ministere-de-la-communication-le-sg-rabankhi-abou-bakr-zida-installe-dans-ses-fonctions","status":"publish","type":"post","link":"https:\/\/linitiative.ca\/International\/ministere-de-la-communication-le-sg-rabankhi-abou-bakr-zida-installe-dans-ses-fonctions\/","title":{"rendered":"Minist\u00e8re de la Communication : Le SG, Rabankhi Abou-Bakr Zida, install\u00e9 dans ses fonctions"},"content":{"rendered":"<div class=\"td-post-featured-image\">\n<figure><a href=\"https:\/\/www.sidwaya.info\/wp-content\/uploads\/2021\/02\/zida.jpg\" data-caption=\"Les deux c\u00e9r\u00e9monies d\u2019installation ont \u00e9t\u00e9 pr\u00e9sid\u00e9es par le chef du d\u00e9partement, Ouss\u00e9ni Tamboura (milieu).\"><img loading=\"lazy\" decoding=\"async\" width=\"696\" height=\"464\" class=\"entry-thumb td-modal-image\" src=\"https:\/\/www.sidwaya.info\/wp-content\/uploads\/2021\/02\/zida-696x464.jpg\" srcset=\"https:\/\/www.sidwaya.info\/wp-content\/uploads\/2021\/02\/zida-696x464.jpg 696w, https:\/\/www.sidwaya.info\/wp-content\/uploads\/2021\/02\/zida-300x200.jpg 300w, https:\/\/www.sidwaya.info\/wp-content\/uploads\/2021\/02\/zida-768x512.jpg 768w, https:\/\/www.sidwaya.info\/wp-content\/uploads\/2021\/02\/zida-150x100.jpg 150w, https:\/\/www.sidwaya.info\/wp-content\/uploads\/2021\/02\/zida-630x420.jpg 630w, https:\/\/www.sidwaya.info\/wp-content\/uploads\/2021\/02\/zida.jpg 780w\" sizes=\"auto, (max-width: 696px) 100vw, 696px\" alt=\"\" title=\"zida\"\/><\/a><figcaption class=\"wp-caption-text\">Les deux c\u00e9r\u00e9monies d\u2019installation ont \u00e9t\u00e9 pr\u00e9sid\u00e9es par le chef du d\u00e9partement, Ouss\u00e9ni Tamboura (milieu).<\/figcaption><\/figure>\n<\/div>\n<p><strong>Le nouveau Secr\u00e9taire g\u00e9n\u00e9ral (SG) du minist\u00e8re de la communication et des Relations avec le Parlement, Rabankhi Abou-Bakr Zida, a \u00e9t\u00e9 officiellement install\u00e9 dans ses fonctions, le mardi 23 f\u00e9vrier 2021 \u00e0 Ouagadougou.<\/strong><\/p>\n<p>\u00abJe mesure la responsabilit\u00e9 qui est d\u00e9sormais la mienne. La mission est exaltante et les d\u00e9fis immenses mais pas insurmontables \u00bb, a laiss\u00e9 entendre le nouveau Secr\u00e9taire g\u00e9n\u00e9ral (SG) du minist\u00e8re de la Communication et des Relations avec le Parlement (MCRP), Rabankhi Abou-Bakr Zida, apr\u00e8s son installation par le chef du d\u00e9partement, Ouss\u00e9ni Tamboura, hier mardi 23 f\u00e9vrier 2021.<\/p>\n<p>Nomm\u00e9 par le Conseil des ministres, en sa s\u00e9ance du 17 f\u00e9vrier 2021, l\u2019ex-conseiller technique du ministre en charge de la communication, depuis 2018, dit n\u2019\u00eatre pas venu pour \u2019\u2019 r\u00e9inventer la roue ou d\u00e9tricoter le travail de mes pr\u00e9d\u00e9cesseurs\u2019\u2019 ou encore apprendre \u00e0 faire le travail de ses collaborateurs. \u00ab Je viens pour poursuivre l\u2019\u0153uvre d\u2019\u00e9dification de notre maison commune. A ce poste, je ne suis que celui qui est charg\u00e9 de coordonner vos diff\u00e9rentes t\u00e2ches \u00bb, a-t-il pr\u00e9cis\u00e9. Pour mener \u00e0 bien la mission \u00e0 lui assign\u00e9e, le SG entrant a exhort\u00e9 ses collaborateurs \u00e0 donner le meilleur d\u2019eux-m\u00eames, afin de relever les nombreux d\u00e9fis qui se pr\u00e9senteront \u00e0 eux.<\/p>\n<p>Il a surtout insist\u00e9 sur \u00able travail d\u2019\u00e9quipe et en \u00e9quipe \u00bb, le \u00ab respect et la consid\u00e9ration d\u2019autrui \u00bb, \u00ab la responsabilit\u00e9 \u00bb et la \u00abcompr\u00e9hension \u00bb mutuelle, gages d\u2019un bon r\u00e9sultat dans le travail. M. Zida n\u2019a pas manqu\u00e9 d\u2019interpeller ses collaborateurs sur les valeurs que chacun se doit d\u2019incarner au quotidien \u00e0 savoir : la ponctualit\u00e9, l\u2019assiduit\u00e9, la responsabilit\u00e9, la c\u00e9l\u00e9rit\u00e9 et l\u2019abn\u00e9gation. \u00abNous avons le devoir de conserver l\u2019h\u00e9ritage qui nous a \u00e9t\u00e9 l\u00e9gu\u00e9, mieux d\u2019y imprimer notre marque pour les g\u00e9n\u00e9rations actuelles et futures \u00bb, a-t-il martel\u00e9.<\/p>\n<p>Pour le ministre Tamboura, Rabankhi Zida est \u00ab un affable, discret et tr\u00e8s<br \/>efficace\u00bb. \u00ab Le Conseil des ministres \u00e0 travers ma personne ne s\u2019est pas tromp\u00e9 sur vos qualit\u00e9s professionnelles\u00bb, a-t-il rench\u00e9ri. Journaliste de formation, M. Zida a \u00e9t\u00e9 Directeur g\u00e9n\u00e9ral (DG) des Editions Sidwaya de 2012-2018. Il remplace \u00e0 ce poste une cons\u0153ur, Hortense Zida. La c\u00e9r\u00e9monie d\u2019installation a \u00e9t\u00e9 pr\u00e9c\u00e9d\u00e9e de la passation des charges, dans le m\u00eame d\u00e9partement, entre le directeur de cabinet sortant, Ou\u00e9draogo Souma\u00efla et<br \/>celui entrant, Jean No\u00ebl Bonkoungou.<\/p>\n<p class=\"c1\"><strong>Donald Wendpouir\u00e9 NIKIEMA<\/strong><br \/>tousunis.do@gmail.com<\/p>\n<div class=\"td-a-rec td-a-rec-id-content_bottom tdi_33_987 td_block_template_1\">\n<p><img loading=\"lazy\" decoding=\"async\" class=\"aligncenter size-full wp-image-27454\" src=\"https:\/\/www.sidwaya.info\/wp-content\/uploads\/2020\/10\/PUB-Bandeau-paiement-mobile-siteweb.jpg\" alt=\"\" width=\"728\" height=\"90\"\/><\/div>\n<p>Auteur: JK. Sidwaya<br \/>\n<a href=\"https:\/\/www.sidwaya.info\/blog\/2021\/02\/23\/ministere-de-la-communication-le-sg-rabankhi-abou-bakr-zida-installe-dans-ses-fonctions\/\">Cliquez ici pour lire l&rsquo;article depuis sa source.<\/a><\/p>\n","protected":false},"excerpt":{"rendered":"<p>Les deux c\u00e9r\u00e9monies d\u2019installation ont \u00e9t\u00e9 pr\u00e9sid\u00e9es par le chef du d\u00e9partement, Ouss\u00e9ni Tamboura (milieu). Le nouveau Secr\u00e9taire g\u00e9n\u00e9ral (SG) du minist\u00e8re de la communication et des Relations avec le Parlement, Rabankhi Abou-Bakr Zida, a \u00e9t\u00e9 officiellement install\u00e9 dans ses fonctions, le mardi 23 f\u00e9vrier 2021 \u00e0 Ouagadougou. \u00abJe mesure la responsabilit\u00e9 qui est d\u00e9sormais [&hellip;]<\/p>\n","protected":false},"author":1816,"featured_media":0,"comment_status":"closed","ping_status":"closed","sticky":false,"template":"","format":"standard","meta":{"fifu_image_url":"https:\/\/www.sidwaya.info\/wp-content\/uploads\/2021\/02\/zida-696x464.jpg","fifu_image_alt":"Minist\u00e8re de la Communication : Le SG, Rabankhi Abou-Bakr Zida, install\u00e9 dans ses fonctions","footnotes":""},"categories":[73,81],"tags":[],"class_list":["post-111905","post","type-post","status-publish","format-standard","hentry","category-actualite","category-burkina-faso"],"_links":{"self":[{"href":"https:\/\/linitiative.ca\/International\/wp-json\/wp\/v2\/posts\/111905","targetHints":{"allow":["GET"]}}],"collection":[{"href":"https:\/\/linitiative.ca\/International\/wp-json\/wp\/v2\/posts"}],"about":[{"href":"https:\/\/linitiative.ca\/International\/wp-json\/wp\/v2\/types\/post"}],"author":[{"embeddable":true,"href":"https:\/\/linitiative.ca\/International\/wp-json\/wp\/v2\/users\/1816"}],"replies":[{"embeddable":true,"href":"https:\/\/linitiative.ca\/International\/wp-json\/wp\/v2\/comments?post=111905"}],"version-history":[{"count":0,"href":"https:\/\/linitiative.ca\/International\/wp-json\/wp\/v2\/posts\/111905\/revisions"}],"wp:attachment":[{"href":"https:\/\/linitiative.ca\/International\/wp-json\/wp\/v2\/media?parent=111905"}],"wp:term":[{"taxonomy":"category","embeddable":true,"href":"https:\/\/linitiative.ca\/International\/wp-json\/wp\/v2\/categories?post=111905"},{"taxonomy":"post_tag","embeddable":true,"href":"https:\/\/linitiative.ca\/International\/wp-json\/wp\/v2\/tags?post=111905"}],"curies":[{"name":"wp","href":"https:\/\/api.w.org\/{rel}","templated":true}]}}