{"id":111908,"date":"2021-02-23T12:18:02","date_gmt":"2021-02-23T17:18:02","guid":{"rendered":"https:\/\/linitiative.ca\/International\/niger-mohamed-bazoum-elu-president\/"},"modified":"2021-02-23T12:18:02","modified_gmt":"2021-02-23T17:18:02","slug":"niger-mohamed-bazoum-elu-president","status":"publish","type":"post","link":"https:\/\/linitiative.ca\/International\/niger-mohamed-bazoum-elu-president\/","title":{"rendered":"Niger : Mohamed Bazoum \u00e9lu pr\u00e9sident"},"content":{"rendered":"<div readability=\"32\">\n<p>Publi\u00e9 le 23.02.2021 \u00e0 18h18 par APA News<\/p>\n<\/div>\n<div readability=\"72\">\n<p>Le candidat du parti au pouvoir, avec 55,75 % des suffrages, est d\u00e9clar\u00e9 vainqueur du second tour de la pr\u00e9sidentielle du 21 f\u00e9vrier dernier.Sans surprise, Mohamed Bazoum succ\u00e9dera \u00e0 Mouhamadou Issoufou. Selon les r\u00e9sultats provisoires publi\u00e9s, ce mardi 23 f\u00e9vrier, par la Commission \u00e9lectorale nationale ind\u00e9pendante (Ceni), le candidat du Parti Nig\u00e9rien pour la D\u00e9mocratie et le Socialisme (PNDS Tarayya) a obtenu 2.501.459 voix.<\/p>\n<p>Son challenger, Mahamane Ousmane du Rassemblement D\u00e9mocratique et R\u00e9publicain (RDR Tchanji), a pu r\u00e9colter 1.895.736 voix, soit 45,25%.<\/p>\n<p>\u00a0\u00c0 l\u2019issue du premier tour, le dauphin du pr\u00e9sident sortant avait obtenu 39,30% contre 16,98% pour l\u2019ex-chef de l\u2019\u00c9tat (1993-1996).<\/p>\n<p>Occupant respectivement la 3e et la 4e place au terme du premier acte, les leaders du Mouvement National pour la Soci\u00e9t\u00e9 de D\u00e9veloppement (MNSD Nassara) et du Mouvement Patriotique pour la R\u00e9publique (MPR Jamhuriya) avaient finalement adoub\u00e9 Mohamed Bazoum.<\/p>\n<p>En outre, d\u2019autres recal\u00e9s comme Oumarou Malam Alma du Rassemblement pour la Paix et le Progr\u00e8s (RPP Farrilla) et Hassane Baraz\u00e9 Moussa de l\u2019Alliance Nig\u00e9rienne pour la D\u00e9mocratie et le Progr\u00e8s (ANDP Zaman Lahiya) avaient demand\u00e9 \u00e0 leurs partisans de voter pour lui.<\/p>\n<p>Pour ce scrutin, 7,4 millions de Nig\u00e9riens, sur une population globale estim\u00e9e \u00e0 24 millions, \u00e9taient appel\u00e9s aux urnes \u00e0 travers 26.000 bureaux de vote.<\/p>\n<\/div>\n<p>Auteur: APA News<br \/>\n<a href=\"https:\/\/www.journalducameroun.com\/niger-mohamed-bazoum-elu-president\/\">Cliquez ici pour lire l&rsquo;article depuis sa source.<\/a><\/p>\n","protected":false},"excerpt":{"rendered":"<p>Publi\u00e9 le 23.02.2021 \u00e0 18h18 par APA News Le candidat du parti au pouvoir, avec 55,75 % des suffrages, est d\u00e9clar\u00e9 vainqueur du second tour de la pr\u00e9sidentielle du 21 f\u00e9vrier dernier.Sans surprise, Mohamed Bazoum succ\u00e9dera \u00e0 Mouhamadou Issoufou. Selon les r\u00e9sultats provisoires publi\u00e9s, ce mardi 23 f\u00e9vrier, par la Commission \u00e9lectorale nationale ind\u00e9pendante (Ceni), [&hellip;]<\/p>\n","protected":false},"author":1965,"featured_media":0,"comment_status":"closed","ping_status":"closed","sticky":false,"template":"","format":"standard","meta":{"fifu_image_url":"","fifu_image_alt":"","footnotes":""},"categories":[73,82],"tags":[],"class_list":["post-111908","post","type-post","status-publish","format-standard","hentry","category-actualite","category-cameroun"],"_links":{"self":[{"href":"https:\/\/linitiative.ca\/International\/wp-json\/wp\/v2\/posts\/111908","targetHints":{"allow":["GET"]}}],"collection":[{"href":"https:\/\/linitiative.ca\/International\/wp-json\/wp\/v2\/posts"}],"about":[{"href":"https:\/\/linitiative.ca\/International\/wp-json\/wp\/v2\/types\/post"}],"author":[{"embeddable":true,"href":"https:\/\/linitiative.ca\/International\/wp-json\/wp\/v2\/users\/1965"}],"replies":[{"embeddable":true,"href":"https:\/\/linitiative.ca\/International\/wp-json\/wp\/v2\/comments?post=111908"}],"version-history":[{"count":0,"href":"https:\/\/linitiative.ca\/International\/wp-json\/wp\/v2\/posts\/111908\/revisions"}],"wp:attachment":[{"href":"https:\/\/linitiative.ca\/International\/wp-json\/wp\/v2\/media?parent=111908"}],"wp:term":[{"taxonomy":"category","embeddable":true,"href":"https:\/\/linitiative.ca\/International\/wp-json\/wp\/v2\/categories?post=111908"},{"taxonomy":"post_tag","embeddable":true,"href":"https:\/\/linitiative.ca\/International\/wp-json\/wp\/v2\/tags?post=111908"}],"curies":[{"name":"wp","href":"https:\/\/api.w.org\/{rel}","templated":true}]}}