{"id":111909,"date":"2021-02-23T12:18:06","date_gmt":"2021-02-23T17:18:06","guid":{"rendered":"https:\/\/linitiative.ca\/International\/lancement-a-abidjan-dun-college-dentrepreneurs-pour-federer-les-start-ups\/"},"modified":"2021-02-23T12:18:06","modified_gmt":"2021-02-23T17:18:06","slug":"lancement-a-abidjan-dun-college-dentrepreneurs-pour-federer-les-start-ups","status":"publish","type":"post","link":"https:\/\/linitiative.ca\/International\/lancement-a-abidjan-dun-college-dentrepreneurs-pour-federer-les-start-ups\/","title":{"rendered":"Lancement \u00e0 Abidjan d\u2019un coll\u00e8ge d\u2019entrepreneurs pour f\u00e9d\u00e9rer les start-ups"},"content":{"rendered":"<div readability=\"32\">\n<p>Publi\u00e9 le 23.02.2021 \u00e0 18h18 par APA News<\/p>\n<\/div>\n<div readability=\"132\">\n<p>Le ministre ivoirien de la Promotion de la jeunesse et de l\u2019emploi des jeunes, Mamadou Tour\u00e9, a proc\u00e9d\u00e9 mardi \u00e0 Abidjan au lancement d\u2019un coll\u00e8ge d\u2019entreprises technologiques et innovantes d\u00e9nomm\u00e9 \u00ab\u00a0C\u00f4te d\u2019Ivoire Innovation 20 (#Ci20)\u00a0\u00bb visant notamment \u00e0 f\u00e9d\u00e9rer les start-ups.<\/p>\n<p>L\u2019organisation comprend 15 jeunes entrepreneurs dont 11 laur\u00e9ats du Prix national d\u2019excellence et plus de 85 prix nationaux et internationaux, avec pour ambition de faire briller le drapeau de C\u00f4te d\u2019Ivoire en cr\u00e9ant des milliers d\u2019emplois et des champions nationaux. \u00a0 \u00a0 \u00a0 \u00a0<\/p>\n<p>\u00ab\u00a0Il s\u2019agit en effet pour nous de c\u00e9l\u00e9brer le g\u00e9nie cr\u00e9atif des jeunes Ivoiriens\u00bb, a dit M. Mamadou Tour\u00e9, parrain de la c\u00e9r\u00e9monie de lancement, tout en saluant \u00ab\u00a0la pertinence de cette initiative\u00a0\u00bb qui f\u00e9d\u00e8re les meilleures start-ups du pays.<\/p>\n<p>Dans l\u2019optique de les accompagner, \u00ab\u00a0j\u2019ai instruit mes services \u00e0 l\u2019effet de la mise en place d\u2019un fonds sp\u00e9cial pour nos start-ups, et ce fonds va s\u2019\u00e9lever dans un premier temps \u00e0 500 millions Fcfa\u00a0\u00bb comme fonds de d\u00e9part, a annonc\u00e9 M. Mamadou Tour\u00e9.<\/p>\n<p>Sur dix entreprises qui dirigent le monde aujourd\u2019hui, sept sont des entreprises technologiques. En 2019, les start-ups africaines ont attir\u00e9 2 milliards USD d\u2019investissements et 85% de cette manne financi\u00e8re va dans quatre pays\u00a0: Nigeria, Kenya, Egypte et Afrique du Sud suivis par le Ghana.<\/p>\n<p>\u00ab Nous nous sommes dits, pourquoi ne pas positionner la C\u00f4te d\u2019Ivoire comme le prochain hub de captation de ces financements et de cette dynamique \u00e9conomique que repr\u00e9sentent les entreprises tech \u00bb, a expliqu\u00e9 Steven Bedi, le pr\u00e9sident de l\u2019association CI20, constitu\u00e9e de 15 membres. \u00a0<\/p>\n<p>\u00ab\u00a0Aujourd\u2019hui, la CI20, c\u2019est 15 membres fondateurs. Nous arrivons \u00e0 cumuler un chiffre d\u2019affaires de 7 millions d\u2019euros et 300 emplois\u00a0\u00bb, a soulign\u00e9 M. Steven Bedi, mentionnant que l\u2019organisation aspire \u00e0 devenir la f\u00e9d\u00e9ration de l\u2019\u00e9cosyst\u00e8me des start-ups pour pouvoir parler d\u2019une seule voix.<\/p>\n<p>Le CI20 a d\u00e9fini un programme qui dure deux ans par cohorte, les membres fondateurs constituant la premi\u00e8re cohorte. Le but, selon Steven Bedi, \u00ab c\u2019est de cr\u00e9er au bout de ces deux ann\u00e9es 2 000 emplois avec 30% d\u2019impacts sur les femmes\u00a0\u00bb. Un programme estim\u00e9 \u00e0 4 millions d\u2019euros (2,62 milliards Fcfa). \u00a0<\/p>\n<p>Son objectif est de faire en outre la promotion de 100 champions nationaux dans cinq ans, renforcer les capacit\u00e9s des start-ups et structurer les entreprises aux standards internationaux afin d\u2019avoir acc\u00e8s au financement et le \u00ab pl\u00e9biscite institutionnel \u00bb, a-t-il poursuivi. \u00a0 \u00a0<\/p>\n<p>Invit\u00e9, le ministre-D\u00e9l\u00e9gu\u00e9 g\u00e9n\u00e9ral \u00e0 l\u2019Entreprenariat rapide des femmes et des jeunes \u00e0 la pr\u00e9sidence de la R\u00e9publique du S\u00e9n\u00e9gal, Papa Amadou Sarr, s\u2019est dit \u00ab tr\u00e8s heureux \u00bb de participer au lancement de C\u00f4te d\u2019Ivoire Innovation 20 qui cr\u00e9e un pont entre les entrepreneurs technologiques. \u00a0\u00a0<\/p>\n<p>Pour M. Papa Amadou Sarr, l\u2019avenir, ce sont les start-ups. Et dans cette vision, le S\u00e9n\u00e9gal qui a mis sur pied, il y \u00a0 deux ans, un organe d\u2019accompagnement des start-ups, ambitionne de faire du pays \u00ab une start Nation \u00e0 l\u2019horizon 2030 \u00bb. \u00a0 \u00a0<\/p>\n<p>Le S\u00e9n\u00e9gal a investi de 2018 \u00e0 2020 environ 3 milliards Fcfa au profit de plus de 120 start-up dont 30% sont d\u00e9tenues totalement ou en partie par les femmes, a fait savoir le ministre-D\u00e9l\u00e9gu\u00e9 g\u00e9n\u00e9ral \u00e0 l\u2019Entreprenariat rapide des femmes et des jeunes.<\/p>\n<p>Aujourd\u2019hui, le D-Hub, structure qui accompagne les start-ups au S\u00e9n\u00e9gal se veut un constructeur d\u2019\u00e9cosyst\u00e8me et un acteur cl\u00e9 dans le d\u00e9veloppement de l\u2019innovation technologique.\u00a0<\/p>\n<p>Le ministre ivoirien de la Promotion de la Jeune et de l\u2019emploi des jeunes, M. Mamadou Tour\u00e9 a assur\u00e9 travailler avec son homologue S\u00e9n\u00e9galais dans le cadre d\u2019une synergie sous r\u00e9gionale pour soutenir les start-ups. \u00a0\u00a0<\/p>\n<p>La C\u00f4te d\u2019Ivoire pr\u00e9pare une loi start-up qui devrait permettre d\u2019accompagner les innovations technologiques des jeunes. \u00a0<\/p>\n<\/div>\n<p>Auteur: APA News<br \/>\n<a href=\"https:\/\/www.journalducameroun.com\/lancement-a-abidjan-dun-college-dentrepreneurs-pour-federer-les-start-ups\/\">Cliquez ici pour lire l&rsquo;article depuis sa source.<\/a><\/p>\n","protected":false},"excerpt":{"rendered":"<p>Publi\u00e9 le 23.02.2021 \u00e0 18h18 par APA News Le ministre ivoirien de la Promotion de la jeunesse et de l\u2019emploi des jeunes, Mamadou Tour\u00e9, a proc\u00e9d\u00e9 mardi \u00e0 Abidjan au lancement d\u2019un coll\u00e8ge d\u2019entreprises technologiques et innovantes d\u00e9nomm\u00e9 \u00ab\u00a0C\u00f4te d\u2019Ivoire Innovation 20 (#Ci20)\u00a0\u00bb visant notamment \u00e0 f\u00e9d\u00e9rer les start-ups. L\u2019organisation comprend 15 jeunes entrepreneurs dont [&hellip;]<\/p>\n","protected":false},"author":1965,"featured_media":0,"comment_status":"closed","ping_status":"closed","sticky":false,"template":"","format":"standard","meta":{"fifu_image_url":"","fifu_image_alt":"","footnotes":""},"categories":[73,82],"tags":[],"class_list":["post-111909","post","type-post","status-publish","format-standard","hentry","category-actualite","category-cameroun"],"_links":{"self":[{"href":"https:\/\/linitiative.ca\/International\/wp-json\/wp\/v2\/posts\/111909","targetHints":{"allow":["GET"]}}],"collection":[{"href":"https:\/\/linitiative.ca\/International\/wp-json\/wp\/v2\/posts"}],"about":[{"href":"https:\/\/linitiative.ca\/International\/wp-json\/wp\/v2\/types\/post"}],"author":[{"embeddable":true,"href":"https:\/\/linitiative.ca\/International\/wp-json\/wp\/v2\/users\/1965"}],"replies":[{"embeddable":true,"href":"https:\/\/linitiative.ca\/International\/wp-json\/wp\/v2\/comments?post=111909"}],"version-history":[{"count":0,"href":"https:\/\/linitiative.ca\/International\/wp-json\/wp\/v2\/posts\/111909\/revisions"}],"wp:attachment":[{"href":"https:\/\/linitiative.ca\/International\/wp-json\/wp\/v2\/media?parent=111909"}],"wp:term":[{"taxonomy":"category","embeddable":true,"href":"https:\/\/linitiative.ca\/International\/wp-json\/wp\/v2\/categories?post=111909"},{"taxonomy":"post_tag","embeddable":true,"href":"https:\/\/linitiative.ca\/International\/wp-json\/wp\/v2\/tags?post=111909"}],"curies":[{"name":"wp","href":"https:\/\/api.w.org\/{rel}","templated":true}]}}