{"id":111910,"date":"2021-02-23T13:18:04","date_gmt":"2021-02-23T18:18:04","guid":{"rendered":"https:\/\/linitiative.ca\/International\/presentation-a-abidjan-du-mode-operatoire-des-legislatives-ivoiriennes\/"},"modified":"2021-02-23T13:18:04","modified_gmt":"2021-02-23T18:18:04","slug":"presentation-a-abidjan-du-mode-operatoire-des-legislatives-ivoiriennes","status":"publish","type":"post","link":"https:\/\/linitiative.ca\/International\/presentation-a-abidjan-du-mode-operatoire-des-legislatives-ivoiriennes\/","title":{"rendered":"Pr\u00e9sentation \u00e0 Abidjan du mode op\u00e9ratoire des l\u00e9gislatives ivoiriennes"},"content":{"rendered":"<div readability=\"32\">\n<p>Publi\u00e9 le 23.02.2021 \u00e0 19h18 par APA News<\/p>\n<\/div>\n<div readability=\"92\">\n<p>La Commission \u00e9lectorale ind\u00e9pendante ( CEI), l\u2019institution charg\u00e9e d\u2019organiser les \u00e9lections en C\u00f4te d\u2019Ivoire, a pr\u00e9sent\u00e9 mardi \u00e0 Abidjan le mode op\u00e9ratoire du scrutin l\u00e9gislatif ivoirien du 06 mars prochain aux candidats retenus pour cette \u00e9lection, a constat\u00e9 APA sur place.<\/p>\n<p>\u00ab Nous sommes l\u00e0 pour que nous ayons une compr\u00e9hension \u00e9gale des r\u00e8gles du jeu. Nous allons parler du mode op\u00e9ratoire du scrutin l\u00e9gislatif qui est l\u2019ensemble des r\u00e8gles qui d\u00e9terminent l\u2019ex\u00e9cution de cette \u00e9lection. Nous allons passer au peigne fin toutes vos inqui\u00e9tudes \u00bb, a assur\u00e9 Coulibaly-Kuibiert Ibrahime, le pr\u00e9sident de la CEI dans un discours d\u2019ouverture de cet Atelier.<\/p>\n<p>\u00a0Poursuivant, il a invit\u00e9 avec insistance les candidats \u00e0 cette \u00e9lection \u00e0 \u00a0\u00ab \u00eatre vigilants \u00bb et \u00e0 avoir des repr\u00e9sentants dans les bureaux de vote. \u00a0\u00ab L\u2019\u00e9lection ne s\u2019accommode pas avec la violence. Il n\u2019y a pas de place pour la violence \u00bb, a soutenu le pr\u00e9sident de l\u2019organe \u00e9lectoral ivoirien.<\/p>\n<p>\u00a0Par ailleurs, il a conseill\u00e9 aux candidats qu\u2019en cas de contentieux, \u00ab il faut commencer par nous saisir avant le Conseil constitutionnel\u00bb. En outre, M. Coulibaly a fait savoir que \u00able contentieux de l\u2019\u00e9lection porte sur la sinc\u00e9rit\u00e9 du vote et non sur les irr\u00e9gularit\u00e9s \u00bb.\u00a0<\/p>\n<p>Avant lui, Carole Flore-Smereczniak, la repr\u00e9sentante r\u00e9sidente du Programme des Nations-Unies ( PNUD) en C\u00f4te d\u2019Ivoire, a estim\u00e9 que cet atelier contribuera au renforcement de la transparence du processus \u00e9lectoral \u00bb. \u00a0<\/p>\n<p>\u00ab Je vous encourage \u00e0 vous approprier les r\u00e8gles du jeu \u00bb, a-t-elle conseill\u00e9 aux candidats, souhaitant que ces \u00e9lections l\u00e9gislatives soient apais\u00e9es et transparentes. Pour sa part, Sourou Kon\u00e9, le premier vice-pr\u00e9sident de la CEI a pr\u00e9sent\u00e9 dans une communication, le mode op\u00e9ratoire de ce scrutin l\u00e9gislatif. \u00a0<\/p>\n<p>\u00ab Le scrutin commence \u00e0 08h et se termine \u00e0 18h (heure locale et GMT). Les membres de la CEI doivent s\u2019abstenir de toute d\u00e9claration \u00e0 la presse\u2026 Les bulletins de vote comportant des ratures et dont les choix sont \u00e0 cheval entre plusieurs candidats sont invalides \u00bb, a entre autres, expliqu\u00e9 M. Kon\u00e9.<\/p>\n<p>\u00a0Il a conclu en appelant avec insistance les candidats \u00e0 avoir \u00e9galement des repr\u00e9sentants dans les centres de compilation en plus des bureaux de vote. La campagne \u00e9lectorale de l\u2019\u00e9lection l\u00e9gislative ivoirienne du 06 mars prochain d\u00e9butera le 26 f\u00e9vrier 2021 \u00e0 00h et s\u2019ach\u00e8vera le 04 mars 2021 \u00e0 minuit.\u00a0<\/p>\n<p>Pour ce scrutin l\u00e9gislatif du 06 mars prochain, 255 si\u00e8ges sont \u00e0 pourvoir dont 169 dans des circonscriptions uninominales ( un seul si\u00e8ge) et 36 dans des circonscriptions o\u00f9 les \u00e9lecteurs votent pour des listes compos\u00e9es d\u2019autant de candidats que de si\u00e8ges \u00e0 pourvoir.\u00a0<\/p>\n<\/div>\n<p>Auteur: APA News<br \/>\n<a href=\"https:\/\/www.journalducameroun.com\/presentation-a-abidjan-du-mode-operatoire-des-legislatives-ivoiriennes\/\">Cliquez ici pour lire l&rsquo;article depuis sa source.<\/a><\/p>\n","protected":false},"excerpt":{"rendered":"<p>Publi\u00e9 le 23.02.2021 \u00e0 19h18 par APA News La Commission \u00e9lectorale ind\u00e9pendante ( CEI), l\u2019institution charg\u00e9e d\u2019organiser les \u00e9lections en C\u00f4te d\u2019Ivoire, a pr\u00e9sent\u00e9 mardi \u00e0 Abidjan le mode op\u00e9ratoire du scrutin l\u00e9gislatif ivoirien du 06 mars prochain aux candidats retenus pour cette \u00e9lection, a constat\u00e9 APA sur place. \u00ab Nous sommes l\u00e0 pour que [&hellip;]<\/p>\n","protected":false},"author":1965,"featured_media":0,"comment_status":"closed","ping_status":"closed","sticky":false,"template":"","format":"standard","meta":{"fifu_image_url":"","fifu_image_alt":"","footnotes":""},"categories":[73,82],"tags":[],"class_list":["post-111910","post","type-post","status-publish","format-standard","hentry","category-actualite","category-cameroun"],"_links":{"self":[{"href":"https:\/\/linitiative.ca\/International\/wp-json\/wp\/v2\/posts\/111910","targetHints":{"allow":["GET"]}}],"collection":[{"href":"https:\/\/linitiative.ca\/International\/wp-json\/wp\/v2\/posts"}],"about":[{"href":"https:\/\/linitiative.ca\/International\/wp-json\/wp\/v2\/types\/post"}],"author":[{"embeddable":true,"href":"https:\/\/linitiative.ca\/International\/wp-json\/wp\/v2\/users\/1965"}],"replies":[{"embeddable":true,"href":"https:\/\/linitiative.ca\/International\/wp-json\/wp\/v2\/comments?post=111910"}],"version-history":[{"count":0,"href":"https:\/\/linitiative.ca\/International\/wp-json\/wp\/v2\/posts\/111910\/revisions"}],"wp:attachment":[{"href":"https:\/\/linitiative.ca\/International\/wp-json\/wp\/v2\/media?parent=111910"}],"wp:term":[{"taxonomy":"category","embeddable":true,"href":"https:\/\/linitiative.ca\/International\/wp-json\/wp\/v2\/categories?post=111910"},{"taxonomy":"post_tag","embeddable":true,"href":"https:\/\/linitiative.ca\/International\/wp-json\/wp\/v2\/tags?post=111910"}],"curies":[{"name":"wp","href":"https:\/\/api.w.org\/{rel}","templated":true}]}}