{"id":111911,"date":"2021-02-23T13:18:05","date_gmt":"2021-02-23T18:18:05","guid":{"rendered":"https:\/\/linitiative.ca\/International\/certification-les-enjeux-de-laccreditation-dans-la-zlecaf-presentes-a-abidjan\/"},"modified":"2021-02-23T13:18:05","modified_gmt":"2021-02-23T18:18:05","slug":"certification-les-enjeux-de-laccreditation-dans-la-zlecaf-presentes-a-abidjan","status":"publish","type":"post","link":"https:\/\/linitiative.ca\/International\/certification-les-enjeux-de-laccreditation-dans-la-zlecaf-presentes-a-abidjan\/","title":{"rendered":"Certification: les enjeux  de l\u2019accr\u00e9ditation dans la ZLECAF pr\u00e9sent\u00e9s \u00e0 Abidjan"},"content":{"rendered":"<div readability=\"32\">\n<p>Publi\u00e9 le 23.02.2021 \u00e0 19h18 par APA News<\/p>\n<\/div>\n<div readability=\"90\">\n<p>Le syst\u00e8me ouest-africain d\u2019accr\u00e9ditation (SOAC), un organisme r\u00e9gional d\u2019accr\u00e9ditation commun aux huit pays de l\u2019Union \u00e9conomique et mon\u00e9taire ouest-africaine (UEMOA), a pr\u00e9sent\u00e9 mardi \u00e0 Abidjan, les enjeux de l\u2019accr\u00e9ditation dans la Zone de libre-\u00e9change continentale africaine (ZLECAF).<\/p>\n<p>Selon \u00a0Marcel Gbaguidi, le directeur g\u00e9n\u00e9ral de cette institution, l\u2019accr\u00e9ditation est n\u00e9cessaire pour faciliter la commercialisation des produits de la sous-r\u00e9gion et de la C\u00f4te d\u2019Ivoire dans la Zone de libre-\u00e9change continentale africaine (ZLECAF).<\/p>\n<p>\u00ab L\u2019un des crit\u00e8res pour faciliter le passage des produits d\u2019un pays \u00e0 l\u2019autre, c\u2019est que ces produits soient accompagn\u00e9s de certificats d\u00e9livr\u00e9s par des laboratoires accr\u00e9dit\u00e9s par le SOAC. \u00a0L\u2019enjeu aujourd\u2019hui, c\u2019est de montrer qu\u2019il est important que l\u2019activit\u00e9 d\u2019accr\u00e9ditation se d\u00e9multiplie rapidement\u00bb, a-t-il soutenu.<\/p>\n<p>\u00a0De son avis, les r\u00e9gions qui ont avanc\u00e9 dans les syst\u00e8mes d\u2019accr\u00e9ditation ont plus de chances de pouvoir profiter des accords commerciaux. \u00ab C\u2019est le manque de certification qui fait que nos produits sont rejet\u00e9s \u00e0 l\u2019exportation \u00bb, a regrett\u00e9 M. Gbaguidi.<\/p>\n<p>Auparavant, il a pr\u00e9sent\u00e9 son institution qui est \u00a0\u00ab op\u00e9rationnelle \u00bb depuis 2018. \u00a0\u00ab Le SOAC est une volont\u00e9 commune des pays de l\u2019UEMOA. C\u2019est le seul organisme habilit\u00e9 \u00e0 faire de l\u2019accr\u00e9ditation dans cette zone. Notre accr\u00e9ditation couvre les laboratoires, les organismes d\u2019inspection et de certification \u00bb, a expliqu\u00e9 M. Gbaguidi, dans un \u00e9change avec la presse.<\/p>\n<p>\u00a0Il a indiqu\u00e9 que \u00a0les activit\u00e9s d\u2019accr\u00e9ditation au sein de l\u2019UEMOA rel\u00e8vent du SOAC qui veille \u00e0 leur mise en conformit\u00e9 avec les exigences des organismes internationaux.<\/p>\n<p>Dans la foul\u00e9e, M. Gbaguidi a fait savoir que le SOAC ne travaille pas directement avec les entreprises, mais il accr\u00e9dite plut\u00f4t les organismes d\u2019\u00e9valuation et de conformit\u00e9 ( OEC) des pays de l\u2019UEMOA qui font de la certification.<\/p>\n<p>\u00a0Le SOAC dont le si\u00e8ge est \u00e0 Abidjan, est op\u00e9rationnel depuis 2018. Cette institution a \u00e9t\u00e9 cr\u00e9\u00e9e dans l\u2019optique de doter les pays membres de l\u2019UEMOA d\u2019un organisme d\u2019accr\u00e9ditation \u00e0 m\u00eame d\u2019\u00e9valuer la comp\u00e9tence des organismes d\u2019\u00e9valuation de la conformit\u00e9, notamment les organismes de certification, d\u2019inspection et les laboratoires op\u00e9rant dans la sous-r\u00e9gion.<\/p>\n<p>En clair, le SOAC se veut un instrument communautaire d\u2019aide \u00e0 la protection des consommateurs ouest-africains et un passeport pour l\u2019acc\u00e8s des produits et services ouest-africains aux march\u00e9s nationaux, r\u00e9gionaux et internationaux.<\/p>\n<\/div>\n<p>Auteur: APA News<br \/>\n<a href=\"https:\/\/www.journalducameroun.com\/certification-les-enjeux-de-laccreditation-dans-la-zlecaf-presentes-a-abidjan\/\">Cliquez ici pour lire l&rsquo;article depuis sa source.<\/a><\/p>\n","protected":false},"excerpt":{"rendered":"<p>Publi\u00e9 le 23.02.2021 \u00e0 19h18 par APA News Le syst\u00e8me ouest-africain d\u2019accr\u00e9ditation (SOAC), un organisme r\u00e9gional d\u2019accr\u00e9ditation commun aux huit pays de l\u2019Union \u00e9conomique et mon\u00e9taire ouest-africaine (UEMOA), a pr\u00e9sent\u00e9 mardi \u00e0 Abidjan, les enjeux de l\u2019accr\u00e9ditation dans la Zone de libre-\u00e9change continentale africaine (ZLECAF). Selon \u00a0Marcel Gbaguidi, le directeur g\u00e9n\u00e9ral de cette institution, l\u2019accr\u00e9ditation [&hellip;]<\/p>\n","protected":false},"author":1965,"featured_media":0,"comment_status":"closed","ping_status":"closed","sticky":false,"template":"","format":"standard","meta":{"fifu_image_url":"","fifu_image_alt":"","footnotes":""},"categories":[73,82],"tags":[],"class_list":["post-111911","post","type-post","status-publish","format-standard","hentry","category-actualite","category-cameroun"],"_links":{"self":[{"href":"https:\/\/linitiative.ca\/International\/wp-json\/wp\/v2\/posts\/111911","targetHints":{"allow":["GET"]}}],"collection":[{"href":"https:\/\/linitiative.ca\/International\/wp-json\/wp\/v2\/posts"}],"about":[{"href":"https:\/\/linitiative.ca\/International\/wp-json\/wp\/v2\/types\/post"}],"author":[{"embeddable":true,"href":"https:\/\/linitiative.ca\/International\/wp-json\/wp\/v2\/users\/1965"}],"replies":[{"embeddable":true,"href":"https:\/\/linitiative.ca\/International\/wp-json\/wp\/v2\/comments?post=111911"}],"version-history":[{"count":0,"href":"https:\/\/linitiative.ca\/International\/wp-json\/wp\/v2\/posts\/111911\/revisions"}],"wp:attachment":[{"href":"https:\/\/linitiative.ca\/International\/wp-json\/wp\/v2\/media?parent=111911"}],"wp:term":[{"taxonomy":"category","embeddable":true,"href":"https:\/\/linitiative.ca\/International\/wp-json\/wp\/v2\/categories?post=111911"},{"taxonomy":"post_tag","embeddable":true,"href":"https:\/\/linitiative.ca\/International\/wp-json\/wp\/v2\/tags?post=111911"}],"curies":[{"name":"wp","href":"https:\/\/api.w.org\/{rel}","templated":true}]}}