{"id":111912,"date":"2021-02-23T14:18:02","date_gmt":"2021-02-23T19:18:02","guid":{"rendered":"https:\/\/linitiative.ca\/International\/deces-en-italie-du-footballeur-ivoirien-willy-braciano\/"},"modified":"2021-02-23T14:18:02","modified_gmt":"2021-02-23T19:18:02","slug":"deces-en-italie-du-footballeur-ivoirien-willy-braciano","status":"publish","type":"post","link":"https:\/\/linitiative.ca\/International\/deces-en-italie-du-footballeur-ivoirien-willy-braciano\/","title":{"rendered":"D\u00e9c\u00e8s en Italie du footballeur ivoirien Willy Braciano"},"content":{"rendered":"<div readability=\"32\">\n<p>Publi\u00e9 le 23.02.2021 \u00e0 20h18 par APA News<\/p>\n<\/div>\n<div readability=\"43\">\n<p>Le footballeur ivoirien Willy Braciano Ta Bi qui \u00e9voluait au poste de milieu de terrain \u00e0 Atalanta Bergame ( Italie), est d\u00e9c\u00e9d\u00e9 mardi des suites d\u2019un cancer du foie \u00e0 l\u2019\u00e2ge de 21 ans, a appris APA de sources concordantes.<\/p>\n<p>\u00a0Ancien joueur de l\u2019Asec Mimosas et de la s\u00e9lection nationale ivoirienne des jeunes ( Les elephanteaux), Willy Braciano se soignait depuis plusieurs mois en Italie. N\u00e9 \u00e0 Divo dans le Sud-ouest ivoirien en 1999, Willy Braciano a \u00e9t\u00e9 transf\u00e9r\u00e9 de l\u2019Asec Mimosas au club italien de Atalanta Bergame depuis janvier 2019.\u00a0<\/p>\n<\/div>\n<p>Auteur: APA News<br \/>\n<a href=\"https:\/\/www.journalducameroun.com\/deces-en-italie-du-footballeur-ivoirien-willy-braciano\/\">Cliquez ici pour lire l&rsquo;article depuis sa source.<\/a><\/p>\n","protected":false},"excerpt":{"rendered":"<p>Publi\u00e9 le 23.02.2021 \u00e0 20h18 par APA News Le footballeur ivoirien Willy Braciano Ta Bi qui \u00e9voluait au poste de milieu de terrain \u00e0 Atalanta Bergame ( Italie), est d\u00e9c\u00e9d\u00e9 mardi des suites d\u2019un cancer du foie \u00e0 l\u2019\u00e2ge de 21 ans, a appris APA de sources concordantes. \u00a0Ancien joueur de l\u2019Asec Mimosas et de [&hellip;]<\/p>\n","protected":false},"author":1965,"featured_media":0,"comment_status":"closed","ping_status":"closed","sticky":false,"template":"","format":"standard","meta":{"fifu_image_url":"","fifu_image_alt":"","footnotes":""},"categories":[73,82],"tags":[],"class_list":["post-111912","post","type-post","status-publish","format-standard","hentry","category-actualite","category-cameroun"],"_links":{"self":[{"href":"https:\/\/linitiative.ca\/International\/wp-json\/wp\/v2\/posts\/111912","targetHints":{"allow":["GET"]}}],"collection":[{"href":"https:\/\/linitiative.ca\/International\/wp-json\/wp\/v2\/posts"}],"about":[{"href":"https:\/\/linitiative.ca\/International\/wp-json\/wp\/v2\/types\/post"}],"author":[{"embeddable":true,"href":"https:\/\/linitiative.ca\/International\/wp-json\/wp\/v2\/users\/1965"}],"replies":[{"embeddable":true,"href":"https:\/\/linitiative.ca\/International\/wp-json\/wp\/v2\/comments?post=111912"}],"version-history":[{"count":0,"href":"https:\/\/linitiative.ca\/International\/wp-json\/wp\/v2\/posts\/111912\/revisions"}],"wp:attachment":[{"href":"https:\/\/linitiative.ca\/International\/wp-json\/wp\/v2\/media?parent=111912"}],"wp:term":[{"taxonomy":"category","embeddable":true,"href":"https:\/\/linitiative.ca\/International\/wp-json\/wp\/v2\/categories?post=111912"},{"taxonomy":"post_tag","embeddable":true,"href":"https:\/\/linitiative.ca\/International\/wp-json\/wp\/v2\/tags?post=111912"}],"curies":[{"name":"wp","href":"https:\/\/api.w.org\/{rel}","templated":true}]}}