{"id":111915,"date":"2021-02-23T10:55:25","date_gmt":"2021-02-23T15:55:25","guid":{"rendered":"https:\/\/linitiative.ca\/International\/le-minepia-distribue-164-vaches-laitieres-aux-eleveurs-pour-accroitre-la-production-nationale\/"},"modified":"2021-02-23T10:55:25","modified_gmt":"2021-02-23T15:55:25","slug":"le-minepia-distribue-164-vaches-laitieres-aux-eleveurs-pour-accroitre-la-production-nationale","status":"publish","type":"post","link":"https:\/\/linitiative.ca\/International\/le-minepia-distribue-164-vaches-laitieres-aux-eleveurs-pour-accroitre-la-production-nationale\/","title":{"rendered":"Le Minepia distribue 164 vaches laiti\u00e8res aux \u00e9leveurs pour accroitre la production nationale"},"content":{"rendered":"<p>Le ministre de l\u2019Agriculture et du d\u00e9veloppement rural (Minader) Dr Ta\u00efga, a proc\u00e9d\u00e9 ce 23 f\u00e9vrier 2021, dans la r\u00e9gion du Nord, \u00e0 la c\u00e9r\u00e9monie de distribution de 164 vaches laiti\u00e8res de race Montb\u00e9liarde, achet\u00e9s par le gouvernement camerounais \u00e0 travers\u00a0le Projet de d\u00e9veloppement de l\u2019\u00e9levage (Prodel). Ceci en pr\u00e9sence\u00a0du Directeur des op\u00e9rations de la Banque mondiale au Cameroun Abdoulaye Seck.<\/p>\n<p>Les vaches laiti\u00e8res dont il est question ont \u00e9t\u00e9 r\u00e9ceptionn\u00e9es le 03 octobre 2020 dans la ville de Garoua, chef-lieu de la r\u00e9gion du Nord. En provenance de Besan\u00e7on en France, ces vaches ont \u00e9t\u00e9 acquises dans l\u2019optique\u00a0d\u2019accro\u00eetre la production locale de lait de par leurs sp\u00e9cificit\u00e9s. Selon les sp\u00e9cialistes, ces g\u00e9nisses peuvent produire en moyenne 20 litres de lait par jour. A partir de cette estimation, il est envisageable que leur production se chiffre \u00e0 3\u00a0280 litres de lait sur une journ\u00e9e, 22\u00a0960 litres sur une semaine et 101\u00a0680 litres sur mois.<\/p>\n<p><strong>Lire aussi<\/strong> : <a href=\"https:\/\/ecomatin.net\/le-projet-de-developpement-de-lelevage-adopte-un-budget-de-10-milliards-en-2021\/\">Le Projet de d\u00e9veloppement de l\u2019\u00e9levage adopte un budget de 10 milliards en 2021<\/a><\/p>\n<p>M\u00eame si\u00a0la production locale a accru de 7% depuis 2014 pour s\u2019\u00e9tablir \u00e0 pr\u00e8s de 275 000 tonnes en 2019, il reste que celle-ci demeure toujours faible. En 2019\u00a0l\u2019on a produit localement 207\u00a0216,1 tonnes contre 266\u00a0274,5t en 2018, soit une baisse de 59 05,4t (22,18%), comme le r\u00e9v\u00e8le la\u00a0\u00a0\u00ab\u00a0Situation des productions et des importations du sous-secteur \u00e9levage, p\u00eaches et industries animales en 2019\u00a0\u00bb, du minist\u00e8re de l\u2019Elevage, des P\u00eaches et de l\u2019Industrie animale.<\/p>\n<p>S\u2019agissant des importations des produits laitiers, en 2019 le Cameroun a import\u00e9 308\u00a0153,6t de produits de l\u2019\u00e9levage, des p\u00eaches et des industries animales et halieutiques \u00e0 hauteur de 219,6 milliards de FCFA. La cat\u00e9gorie d\u00e9di\u00e9e au lait, produits laitiers, conjointe au miel, \u0153ufs de volaille et le miel nature occupe 13,5% des parts dans ces importations. Pour le cas pr\u00e9cis du lait et des produits laitiers, les importations se chiffrent \u00e0 15\u00a0920t, \u00e0 raison de 27,341\u00a0milliards de FCFA. Il faut noter que pour l\u2019ann\u00e9e 2019, les importations de lait et produits laitiers sont en baisse de 12,27% par rapport \u00e0 l\u2019ann\u00e9e 2018. Les produits concern\u00e9s par ces importations sont le lait en poudre, les cr\u00e8mes de lait, le yoghourt, les p\u00e2tes \u00e0 tartiner laiti\u00e8res, le beurre, le babeurre, le fromage et le miel naturel. Tous ceci en provenance des Pays-Bas (31%), de la Nouvelle-Z\u00e9lande (plus de 16%), et de la France (plus de 15%).<\/p>\n<p><strong>Lire aussi<\/strong> : <a href=\"https:\/\/ecomatin.net\/financement-de-projet-cecil-meilleur-partenaire-financier-du-prodel\/\">Financement des projets : la microfinance Cecil meilleur partenaire financier du Prodel<\/a><\/p>\n<p>Pour rappel, le Projet de d\u00e9veloppement de l\u2019\u00e9levage (Prodel) a pour objectif d\u2019am\u00e9liorer la productivit\u00e9 des syst\u00e8mes de production cibl\u00e9s, la commercialisation de leurs produits pour des b\u00e9n\u00e9ficiaires s\u00e9lectionn\u00e9s et apporter une r\u00e9ponse imm\u00e9diate et effective en cas de crise ou d\u2019urgence \u00e9ligible. D\u2019une dur\u00e9e de 6 ans, il est financ\u00e9 par la Banque mondiale \u00e0 hauteur de 134,15 millions de dollars\u00a0soit environ 78,4\u00a0milliards\u00a0FCFA. Selon le pointage effectu\u00e9 au mois de mars 2020,\u00a0100\u00a0millions de dollars soit 58,5\u00a0milliards\u00a0FCFA ont d\u00e9j\u00e0 \u00e9t\u00e9 engag\u00e9s et investis pour renforcer les cha\u00eenes de valeurs dans les fili\u00e8res volaille, b\u0153uf, ch\u00e8vre, mouton, lait et miel. De fa\u00e7on globale, le Prodel\u00a0concerne les fili\u00e8res poulet de chair, miel, porcine, petits ruminants, bovine et laiti\u00e8re.<\/p>\n<p><strong>Lire aussi<\/strong> : <a href=\"https:\/\/ecomatin.net\/63-milliards-pour-soutenir-les-filieres-lait-poisson-et-anacarde\/\">63 milliards pour soutenir les fili\u00e8res lait, poisson et anacarde<\/a><\/p>\n<p>Auteur: Cindy MBALA<br \/>\n<a href=\"https:\/\/ecomatin.net\/le-minepia-distribue-164-vaches-laitieres-aux-eleveurs-pour-accroitre-la-production-nationale\/\">Cliquez ici pour lire l&rsquo;article depuis sa source.<\/a><\/p>\n","protected":false},"excerpt":{"rendered":"<p>Le ministre de l\u2019Agriculture et du d\u00e9veloppement rural (Minader) Dr Ta\u00efga, a proc\u00e9d\u00e9 ce 23 f\u00e9vrier 2021, dans la r\u00e9gion du Nord, \u00e0 la c\u00e9r\u00e9monie de distribution de 164 vaches laiti\u00e8res de race Montb\u00e9liarde, achet\u00e9s par le gouvernement camerounais \u00e0 travers\u00a0le Projet de d\u00e9veloppement de l\u2019\u00e9levage (Prodel). Ceci en pr\u00e9sence\u00a0du Directeur des op\u00e9rations de la [&hellip;]<\/p>\n","protected":false},"author":1969,"featured_media":0,"comment_status":"closed","ping_status":"closed","sticky":false,"template":"","format":"standard","meta":{"fifu_image_url":"","fifu_image_alt":"","footnotes":""},"categories":[82,78],"tags":[],"class_list":["post-111915","post","type-post","status-publish","format-standard","hentry","category-cameroun","category-economie"],"_links":{"self":[{"href":"https:\/\/linitiative.ca\/International\/wp-json\/wp\/v2\/posts\/111915","targetHints":{"allow":["GET"]}}],"collection":[{"href":"https:\/\/linitiative.ca\/International\/wp-json\/wp\/v2\/posts"}],"about":[{"href":"https:\/\/linitiative.ca\/International\/wp-json\/wp\/v2\/types\/post"}],"author":[{"embeddable":true,"href":"https:\/\/linitiative.ca\/International\/wp-json\/wp\/v2\/users\/1969"}],"replies":[{"embeddable":true,"href":"https:\/\/linitiative.ca\/International\/wp-json\/wp\/v2\/comments?post=111915"}],"version-history":[{"count":0,"href":"https:\/\/linitiative.ca\/International\/wp-json\/wp\/v2\/posts\/111915\/revisions"}],"wp:attachment":[{"href":"https:\/\/linitiative.ca\/International\/wp-json\/wp\/v2\/media?parent=111915"}],"wp:term":[{"taxonomy":"category","embeddable":true,"href":"https:\/\/linitiative.ca\/International\/wp-json\/wp\/v2\/categories?post=111915"},{"taxonomy":"post_tag","embeddable":true,"href":"https:\/\/linitiative.ca\/International\/wp-json\/wp\/v2\/tags?post=111915"}],"curies":[{"name":"wp","href":"https:\/\/api.w.org\/{rel}","templated":true}]}}