{"id":111917,"date":"2021-02-23T13:33:16","date_gmt":"2021-02-23T18:33:16","guid":{"rendered":"https:\/\/linitiative.ca\/International\/zone-cemac-le-fodec-arrete-une-enveloppe-de-77-milliards-pour-2021\/"},"modified":"2021-02-23T13:33:16","modified_gmt":"2021-02-23T18:33:16","slug":"zone-cemac-le-fodec-arrete-une-enveloppe-de-77-milliards-pour-2021","status":"publish","type":"post","link":"https:\/\/linitiative.ca\/International\/zone-cemac-le-fodec-arrete-une-enveloppe-de-77-milliards-pour-2021\/","title":{"rendered":"Zone Cemac : le Fodec arr\u00eate une enveloppe de 7,7 milliards pour 2021"},"content":{"rendered":"<p>La premi\u00e8re r\u00e9union de comit\u00e9 de gestion du Fonds de d\u00e9veloppement de la Communaut\u00e9 (Fodec), s\u2019est tenue ce 18 f\u00e9vrier 2021, dans la ville de Douala. R\u00e9union au cours de laquelle, le Fonds a arr\u00eat\u00e9 la somme de 7,7 milliards de Fcfa d\u00e9finissant ses interventions pour le compte de l\u2019ann\u00e9e.\u00a0\u00a0Interventions qui se concentreront\u00a0\u00a0principalement sur la finalisation et le d\u00e9marrage des \u00e9tudes de faisabilit\u00e9 des infrastructures routi\u00e8res \u00e0 vocation int\u00e9gratrice, l\u2019appui \u00e0 certaines institutions communautaires pour la r\u00e9alisation de certaines de leurs activit\u00e9s et le financement du suivi des r\u00e9formes \u00e9conomiques \u00e0 l\u2019\u00e9chelle r\u00e9gionale.<\/p>\n<p><strong>Lire aussi<\/strong> : <a href=\"https:\/\/ecomatin.net\/la-cemac-table-sur-un-budget-de-89-milliards-de-fcfa-en-2021\/\">La Cemac table sur un budget de 89 milliards de Fcfa en 2021<\/a><\/p>\n<p>R\u00e9union qui intervient apr\u00e8s la 36<sup>e<\/sup>\u00a0session du conseil des ministres de l\u2019Union \u00e9conomique d\u2019Afrique centrale (Ueac), qui a adopt\u00e9 les allocations de ressources du Fodec aux activit\u00e9s pr\u00e9alablement arr\u00eat\u00e9es par le comit\u00e9 de gestion. Sur ce point, le comit\u00e9 de gestion a d\u00e9cid\u00e9 ce jour de s\u2019engager en urgence, au titre de ses activit\u00e9s, une r\u00e9flexion sur l\u2019\u00e9largissement des sources de financement de cet organe sous-r\u00e9gional pour garantir la p\u00e9rennit\u00e9 de ses missions. Il faut noter qu\u2019en termes de financement ici, la Taxe communautaire d\u2019int\u00e9gration a \u00e9t\u00e9 cr\u00e9\u00e9 d\u2019une part pour\u00a0financer les compensations et \u00e0 constituer des dotations du Fodec. Taxe qui peine \u00e0 \u00eatre recouvrer par les Etats de le Cemac. Au terme de l\u2019ann\u00e9e 2020, les Etats enregistraient des arri\u00e9r\u00e9s de l\u2019ordre de 80 milliards de Fcfa.<\/p>\n<p>Pour rappel, le Fodec a \u00e9t\u00e9 mis sur pied le 18 ao\u00fbt 1999 par la Cemac, avec pour but de financer la construction des infrastructures d\u2019int\u00e9gration et combler le d\u00e9ficit des Etats membres induit par les \u00e9changes commerciaux intercommunautaires.<\/p>\n<p><strong>Lire aussi<\/strong> : <a href=\"https:\/\/ecomatin.net\/cemac-la-part-du-cameroun-dans-les-projets-integrateurs\/\">Cemac : la part du Cameroun dans les projets int\u00e9grateurs<\/a><\/p>\n<p>Auteur: Cindy MBALA<br \/>\n<a href=\"https:\/\/ecomatin.net\/zone-cemac-le-fodec-arrete-une-enveloppe-de-77-milliards-pour-2021\/\">Cliquez ici pour lire l&rsquo;article depuis sa source.<\/a><\/p>\n","protected":false},"excerpt":{"rendered":"<p>La premi\u00e8re r\u00e9union de comit\u00e9 de gestion du Fonds de d\u00e9veloppement de la Communaut\u00e9 (Fodec), s\u2019est tenue ce 18 f\u00e9vrier 2021, dans la ville de Douala. R\u00e9union au cours de laquelle, le Fonds a arr\u00eat\u00e9 la somme de 7,7 milliards de Fcfa d\u00e9finissant ses interventions pour le compte de l\u2019ann\u00e9e.\u00a0\u00a0Interventions qui se concentreront\u00a0\u00a0principalement sur la [&hellip;]<\/p>\n","protected":false},"author":1969,"featured_media":0,"comment_status":"closed","ping_status":"closed","sticky":false,"template":"","format":"standard","meta":{"fifu_image_url":"","fifu_image_alt":"","footnotes":""},"categories":[82,78],"tags":[],"class_list":["post-111917","post","type-post","status-publish","format-standard","hentry","category-cameroun","category-economie"],"_links":{"self":[{"href":"https:\/\/linitiative.ca\/International\/wp-json\/wp\/v2\/posts\/111917","targetHints":{"allow":["GET"]}}],"collection":[{"href":"https:\/\/linitiative.ca\/International\/wp-json\/wp\/v2\/posts"}],"about":[{"href":"https:\/\/linitiative.ca\/International\/wp-json\/wp\/v2\/types\/post"}],"author":[{"embeddable":true,"href":"https:\/\/linitiative.ca\/International\/wp-json\/wp\/v2\/users\/1969"}],"replies":[{"embeddable":true,"href":"https:\/\/linitiative.ca\/International\/wp-json\/wp\/v2\/comments?post=111917"}],"version-history":[{"count":0,"href":"https:\/\/linitiative.ca\/International\/wp-json\/wp\/v2\/posts\/111917\/revisions"}],"wp:attachment":[{"href":"https:\/\/linitiative.ca\/International\/wp-json\/wp\/v2\/media?parent=111917"}],"wp:term":[{"taxonomy":"category","embeddable":true,"href":"https:\/\/linitiative.ca\/International\/wp-json\/wp\/v2\/categories?post=111917"},{"taxonomy":"post_tag","embeddable":true,"href":"https:\/\/linitiative.ca\/International\/wp-json\/wp\/v2\/tags?post=111917"}],"curies":[{"name":"wp","href":"https:\/\/api.w.org\/{rel}","templated":true}]}}