{"id":111922,"date":"2021-02-24T11:00:33","date_gmt":"2021-02-24T16:00:33","guid":{"rendered":"https:\/\/linitiative.ca\/International\/lance-par-laesvt-un-projet-pilote-pour-proteger-le-milieu-oasien-a-tata-et-errachidia\/"},"modified":"2021-02-24T11:00:33","modified_gmt":"2021-02-24T16:00:33","slug":"lance-par-laesvt-un-projet-pilote-pour-proteger-le-milieu-oasien-a-tata-et-errachidia","status":"publish","type":"post","link":"https:\/\/linitiative.ca\/International\/lance-par-laesvt-un-projet-pilote-pour-proteger-le-milieu-oasien-a-tata-et-errachidia\/","title":{"rendered":"Lanc\u00e9 par l\u2019AESVT : Un projet pilote pour prot\u00e9ger le milieu oasien \u00e0 Tata et Errachidia"},"content":{"rendered":"<figure class=\"post-thumbnail\" itemprop=\"associatedMedia\" itemscope=\"itemscope\" itemtype=\"http:\/\/schema.org\/ImageObject\"><img decoding=\"async\" class=\"post_layout_5_img\" src=\"http:\/\/aujourdhui.ma\/wp-content\/uploads\/2017\/07\/Errachidia.jpg\" alt=\"Lanc\u00e9 par l\u2019AESVT : Un projet pilote pour prot\u00e9ger le milieu oasien \u00e0 Tata et Errachidia\"\/><\/figure>\n<p><span class=\"c5\"><strong>L\u2019Association des enseignants des sciences de la vie et de la terre au Maroc (AESVT) a lanc\u00e9 la semaine derni\u00e8re \u00e0 Tata le projet de la \u00abPromotion de la gestion int\u00e9gr\u00e9e des ressources en eau en milieu oasien\u00bb.<\/strong><\/span><span id=\"more-369211\"\/><\/p>\n<p>Dans les d\u00e9tails, l\u2019AESVT met en \u0153uvre le projet de \u00abPromotion de la gestion int\u00e9gr\u00e9e des ressources dans l\u2019oasis au niveau de deux oasis mod\u00e8les, Ferkla \u00e0 Errachidia et Aguinane \u00e0 Tata\u00bb, pour prot\u00e9ger les oasis des r\u00e9percussions du changement climatique. C\u2019est l\u2019un des d\u00e9fis et enjeux majeurs pour le Maroc qui doit \u00eatre affront\u00e9 en renfor\u00e7ant les capacit\u00e9s d\u2019adaptation et de r\u00e9silience pour assurer la p\u00e9rennit\u00e9 de ces \u00e9cosyst\u00e8mes fragiles menac\u00e9s d\u2019extinction et la p\u00e9rennit\u00e9 de leur environnement social.<br \/>Ce projet men\u00e9 avec la population, les diff\u00e9rents acteurs et partenaires et gr\u00e2ce au soutien financier de l\u2019Union europ\u00e9enne, durant trois ans, adoptera une approche combinant s\u00e9curit\u00e9 hydrique et alimentaire et d\u00e9veloppement durable.<br \/>Selon l\u2019AESVT, \u00able projet vise l\u2019instauration d\u2019une approche participative de la gestion int\u00e9gr\u00e9e des ressources en eau dans chacune des deux oasis, qui facilitera son appropriation continue et durable par la population \u00e0 travers la co-\u00e9laboration d\u2019un plan de gestion int\u00e9gr\u00e9e des ressources en eau, des activit\u00e9s \u00e0 r\u00e9aliser, dans le but de r\u00e9duire l\u2019exode rural des jeunes, en encourageant les initiatives de cr\u00e9ation d\u2019entreprises dans les domaines de l\u2019eau et de l\u2019assainissement et en soutenant des projets types\u00bb.<\/p>\n<p>Espace d\u2019\u00e9quilibre fragile, qui a dur\u00e9 pendant des mill\u00e9naires et produit d\u2019une conjugaison remarquable entre le g\u00e9nie agronomique de l\u2019homme et les aptitudes et ressources rares de la nature en milieu aride et saharien, les oasis occupent une superficie non n\u00e9gligeable et sont d\u2019une d\u2019importance capitale pour assurer la s\u00e9curit\u00e9 hydrique et alimentaire, comme elles constituent aussi une niche de vie et d\u2019aisance pour une population marocaine tr\u00e8s large.<br \/>Mais ces oasis, d\u00e9positaires d\u2019un patrimoine culturel et naturel de valeur inestimable, qui leur a valu d\u2019\u00eatre class\u00e9es en 2000, dans le r\u00e9seau mondial des r\u00e9serves de la biosph\u00e8re (RBOSM) et qui s\u2019av\u00e8rent \u00eatre un vrai rempart contre la d\u00e9sertification sont s\u00e9rieusement menac\u00e9es par le changement climatique.<br \/>\u00abPour faire face \u00e0 ces contraintes, les communaut\u00e9s oasiennes d\u00e9tentrices de savoirs ancestraux ont jusque-l\u00e0, gr\u00e2ce \u00e0 une gestion adaptative, apport\u00e9 des r\u00e9ponses appropri\u00e9es.<\/p>\n<p>Malheureusement, depuis quelques d\u00e9cennies, les oasis du sud du Maroc connaissent une forte mutation et aujourd\u2019hui, les r\u00e9ponses donn\u00e9es depuis toujours ne sont plus suffisantes pour diminuer leur vuln\u00e9rabilit\u00e9, en raison des impacts conjugu\u00e9s des \u00e9volutions socio-\u00e9conomiques, du milieu naturel et du changement climatique, la croissance de l\u2019urbanisation et l\u2019intensification des usages agricoles des palmeraies modernes multiplient les pressions sur la qualit\u00e9 et la quantit\u00e9 des eaux souterraines et de surface\u00bb, souligne l\u2019AESVT.<\/p>\n<p>Auteur: Mohamed Laabid<br \/>\n<a href=\"https:\/\/aujourdhui.ma\/actualite\/lance-par-laesvt-un-projet-pilote-pour-proteger-le-milieu-oasien-a-tata-et-errachidia\">Cliquez ici pour lire l&rsquo;article depuis sa source.<\/a><\/p>\n","protected":false},"excerpt":{"rendered":"<p>L\u2019Association des enseignants des sciences de la vie et de la terre au Maroc (AESVT) a lanc\u00e9 la semaine derni\u00e8re \u00e0 Tata le projet de la \u00abPromotion de la gestion int\u00e9gr\u00e9e des ressources en eau en milieu oasien\u00bb. Dans les d\u00e9tails, l\u2019AESVT met en \u0153uvre le projet de \u00abPromotion de la gestion int\u00e9gr\u00e9e des ressources [&hellip;]<\/p>\n","protected":false},"author":1759,"featured_media":0,"comment_status":"closed","ping_status":"closed","sticky":false,"template":"","format":"standard","meta":{"fifu_image_url":"http:\/\/aujourdhui.ma\/wp-content\/uploads\/2017\/07\/Errachidia.jpg","fifu_image_alt":"Lanc\u00e9 par l\u2019AESVT : Un projet pilote pour prot\u00e9ger le milieu oasien \u00e0 Tata et Errachidia","footnotes":""},"categories":[73,54],"tags":[],"class_list":["post-111922","post","type-post","status-publish","format-standard","hentry","category-actualite","category-maroc"],"_links":{"self":[{"href":"https:\/\/linitiative.ca\/International\/wp-json\/wp\/v2\/posts\/111922","targetHints":{"allow":["GET"]}}],"collection":[{"href":"https:\/\/linitiative.ca\/International\/wp-json\/wp\/v2\/posts"}],"about":[{"href":"https:\/\/linitiative.ca\/International\/wp-json\/wp\/v2\/types\/post"}],"author":[{"embeddable":true,"href":"https:\/\/linitiative.ca\/International\/wp-json\/wp\/v2\/users\/1759"}],"replies":[{"embeddable":true,"href":"https:\/\/linitiative.ca\/International\/wp-json\/wp\/v2\/comments?post=111922"}],"version-history":[{"count":0,"href":"https:\/\/linitiative.ca\/International\/wp-json\/wp\/v2\/posts\/111922\/revisions"}],"wp:attachment":[{"href":"https:\/\/linitiative.ca\/International\/wp-json\/wp\/v2\/media?parent=111922"}],"wp:term":[{"taxonomy":"category","embeddable":true,"href":"https:\/\/linitiative.ca\/International\/wp-json\/wp\/v2\/categories?post=111922"},{"taxonomy":"post_tag","embeddable":true,"href":"https:\/\/linitiative.ca\/International\/wp-json\/wp\/v2\/tags?post=111922"}],"curies":[{"name":"wp","href":"https:\/\/api.w.org\/{rel}","templated":true}]}}