{"id":111925,"date":"2021-02-24T09:46:50","date_gmt":"2021-02-24T14:46:50","guid":{"rendered":"https:\/\/linitiative.ca\/International\/le-corps-de-lambassadeur-italien-est-arrive-a-rome\/"},"modified":"2021-02-24T09:46:50","modified_gmt":"2021-02-24T14:46:50","slug":"le-corps-de-lambassadeur-italien-est-arrive-a-rome","status":"publish","type":"post","link":"https:\/\/linitiative.ca\/International\/le-corps-de-lambassadeur-italien-est-arrive-a-rome\/","title":{"rendered":"Le corps de l\u2019ambassadeur italien est arriv\u00e9 \u00e0 Rome"},"content":{"rendered":"<p class=\"c1\"><strong>Tu\u00e9 dans une attaque RDC<\/strong><\/p>\n<p><strong>Le corps de l\u2019ambassadeur italien et celui de son garde du corps tu\u00e9s dans l\u2019est de la R\u00e9publique d\u00e9mocratique du Congo sont arriv\u00e9s mardi soir \u00e0 Rome, au lendemain de l\u2019attaque attribu\u00e9e par Kinshasa \u00e0 des rebelles hutus rwandais qui d\u00e9mentent toute implication.<\/strong><\/p>\n<p>Un avion militaire, un Boeing 767, parti de l\u2019a\u00e9roport de Goma, la capitale du Nord-Kivu, a atterri peu apr\u00e8s 23h00 (22h00 GMT) \u00e0 l\u2019a\u00e9roport de Ciampino, pr\u00e8s de la capitale italienne, avec \u00e0 son bord les corps du diplomate et du jeune carabinier dans des cercueils drap\u00e9s du drapeau vert-blanc-rouge, selon la t\u00e9l\u00e9vision publique Rai et l\u2019agence de presse Ansa.<\/p>\n<p>Le Premier ministre Mario Draghi, le chef de la diplomatie Luigi Di Maio ainsi que le ministre de la D\u00e9fense Lorenzo Guerini se sont rendus \u00e0 Ciampino pour accueillir l\u2019\u00e9pouse de l\u2019ambassadeur et leurs trois filles, \u00e9galement pr\u00e9sentes \u00e0 bord de l\u2019appareil.<\/p>\n<p>L\u2019ambassadeur Luca Attanasio, 43 ans, est d\u00e9c\u00e9d\u00e9 apr\u00e8s avoir \u00e9t\u00e9 bless\u00e9 par balles lorsque le convoi du Programme alimentaire mondial (PAM) dans lequel il circulait a \u00e9t\u00e9 pris dans une embuscade dans la province du Nord-Kivu (Est), pr\u00e8s de la fronti\u00e8re avec le Rwanda. Son garde du corps italien Vittorio Iacovacci et un chauffeur congolais du PAM, Moustapha Milambo, ont aussi \u00e9t\u00e9 tu\u00e9s.<\/p>\n<p>A Kinshasa, le pr\u00e9sident congolais F\u00e9lix Tshisekedi et son \u00e9pouse Denise Nyakeru Tshisekedi se sont rendus \u00e0 la r\u00e9sidence de l\u2019ambassadeur pour \u00ab\u00a0une visite de consolation\u00a0\u00bb \u00e0 sa veuve et aux jeunes orphelines.<br \/>A Rome, le pape Fran\u00e7ois a soulign\u00e9 \u00ab\u00a0les qualit\u00e9s humaines et chr\u00e9tiennes\u00a0\u00bb de l\u2019ambassadeur et a salu\u00e9 la m\u00e9moire des deux Italiens, \u00ab\u00a0serviteurs de la paix et du droit\u00a0\u00bb.<\/p>\n<p>Le Nord-Kivu est consid\u00e9r\u00e9 comme l\u2019une des zones les plus dangereuses de RDC, \u00e0 la lisi\u00e8re du parc national des Virunga. Mais selon des responsables humanitaires, la route sur laquelle circulait le convoi ne n\u00e9cessitait pas d\u2019escorte.<\/p>\n<p>Les autorit\u00e9s congolaises ont accus\u00e9 lundi les rebelles hutus rwandais des Forces d\u00e9mocratiques de lib\u00e9ration du Rwanda (FDLR), install\u00e9es dans l\u2019est de la RDC, d\u2019\u00eatre responsables de l\u2019attaque, qualifi\u00e9e de \u00ab\u00a0terroriste\u00a0\u00bb par le pr\u00e9sident Tshisekedi.<\/p>\n<p>Mais dans un communiqu\u00e9 parvenu mardi \u00e0 l\u2019AFP, les rebelles des FDLR ont ni\u00e9 \u00eatre impliqu\u00e9s: ils \u00ab\u00a0demandent aux autorit\u00e9s congolaises et \u00e0 la Monusco (Mission de l\u2019ONU en RDC) de faire toute la lumi\u00e8re sur les responsabilit\u00e9s de cet ignoble assassinat au lieu de recourir \u00e0 des accusations h\u00e2tives\u00a0\u00bb.<\/p>\n<p>Les rebelles rwandais affirment que \u00ab\u00a0le convoi de l\u2019ambassadeur a \u00e9t\u00e9 attaqu\u00e9 dans une zone dite +des trois antennes+, pr\u00e8s de Goma, sur la fronti\u00e8re avec le Rwanda, non loin d\u2019une position des FARDC (Forces arm\u00e9es de la RDC) et des (\u2026) Forces rwandaises de D\u00e9fense\u00a0\u00bb (arm\u00e9e rwandaise).<br \/>\u00ab\u00a0Les responsabilit\u00e9s de cet ignoble assassinat (sont) \u00e0 rechercher dans les rangs de ces deux arm\u00e9es\u00a0\u00bb, accusent les rebelles.<\/p>\n<p>Les FDLR, cr\u00e9\u00e9es au d\u00e9but des ann\u00e9es 2000 pour lutter contre le r\u00e9gime de Kigali, sont l\u2019un des nombreux redoutables groupes arm\u00e9s qui menacent au quotidien les civils dans l\u2019est de la RDC. Certains des fondateurs des FDLR ont particip\u00e9 au g\u00e9nocide des Tutsi en avril-juillet 1994 au Rwanda, avant de se r\u00e9fugier dans l\u2019est de la RDC, d\u00e9stabilisant durablement la r\u00e9gion.<\/p>\n<p>Selon un expert du Barom\u00e8tre s\u00e9curitaire du Kivu (KST), \u00ab\u00a0les FDLR sont \u00e0 proximit\u00e9 du lieu o\u00f9 l\u2019attaque a eu lieu. Ca rel\u00e8ve du domaine du possible que ces rebelles rwandais soient responsables de cette attaque\u00a0\u00bb, a-t-il d\u00e9clar\u00e9 \u00e0 l\u2019AFP.<\/p>\n<p>L\u2019attaque du convoi dans lequel circulait l\u2019ambassadeur a eu lieu sur la route nationale 2 qui longe de tr\u00e8s pr\u00e8s la fronti\u00e8re rwandaise, dans une zone de for\u00eat dense et montagneuse, o\u00f9 les fronti\u00e8res ne sont pas \u00e9tanches.<br \/>Les autorit\u00e9s congolaises et rwandaises nient syst\u00e9matiquement toute pr\u00e9sence de troupes rwandaises sur le territoire de la RDC.<\/p>\n<p>Selon la pr\u00e9sidence congolaise, le convoi est tomb\u00e9 dans une embuscade \u00e0 3 kilom\u00e8tres de sa destination, la commune de Kiwanja, dans le territoire de Rutshuru, lorsque \u00ab\u00a0les assaillants, au nombre de six, munis de cinq armes de type AK-47 ainsi que d\u2019une machette\u00a0\u00bb ont fait irruption.<\/p>\n<p>\u00ab\u00a0Ils ont proc\u00e9d\u00e9 \u00e0 des tirs de sommation avant d\u2019obliger les occupants des v\u00e9hicules \u00e0 descendre et \u00e0 les suivre dans le fin fond du parc (des Virunga) et ce, apr\u00e8s avoir abattu l\u2019un des chauffeurs afin de cr\u00e9er la panique\u00a0\u00bb, ajoute la pr\u00e9sidence.<\/p>\n<p>Alert\u00e9s, les rangers et les militaires congolais pr\u00e9sents dans les environs se sont mis \u00e0 la poursuite des assaillants. \u00ab\u00a0\u00c0 500 m\u00e8tres (du lieu de l\u2019attaque), les ravisseurs ont tir\u00e9 \u00e0 bout portant sur le garde du corps (italien), d\u00e9c\u00e9d\u00e9 sur place, et sur l\u2019ambassadeur, le blessant \u00e0 l\u2019abdomen\u00a0\u00bb.<br \/>Selon un communiqu\u00e9 du PAM, Rocco Leone, directeur adjoint de cette agence pour la RDC, se trouvait \u00e9galement dans le convoi attaqu\u00e9.<\/p>\n<p>Auteur: M&rsquo;hammed rahal<br \/>\n<a href=\"http:\/\/albayane.press.ma\/le-corps-de-lambassadeur-italien-est-arrive-a-rome.html\">Cliquez ici pour lire l&rsquo;article depuis sa source.<\/a><\/p>\n","protected":false},"excerpt":{"rendered":"<p>Tu\u00e9 dans une attaque RDC Le corps de l\u2019ambassadeur italien et celui de son garde du corps tu\u00e9s dans l\u2019est de la R\u00e9publique d\u00e9mocratique du Congo sont arriv\u00e9s mardi soir \u00e0 Rome, au lendemain de l\u2019attaque attribu\u00e9e par Kinshasa \u00e0 des rebelles hutus rwandais qui d\u00e9mentent toute implication. Un avion militaire, un Boeing 767, parti [&hellip;]<\/p>\n","protected":false},"author":1760,"featured_media":0,"comment_status":"closed","ping_status":"closed","sticky":false,"template":"","format":"standard","meta":{"fifu_image_url":"","fifu_image_alt":"","footnotes":""},"categories":[73,54],"tags":[],"class_list":["post-111925","post","type-post","status-publish","format-standard","hentry","category-actualite","category-maroc"],"_links":{"self":[{"href":"https:\/\/linitiative.ca\/International\/wp-json\/wp\/v2\/posts\/111925","targetHints":{"allow":["GET"]}}],"collection":[{"href":"https:\/\/linitiative.ca\/International\/wp-json\/wp\/v2\/posts"}],"about":[{"href":"https:\/\/linitiative.ca\/International\/wp-json\/wp\/v2\/types\/post"}],"author":[{"embeddable":true,"href":"https:\/\/linitiative.ca\/International\/wp-json\/wp\/v2\/users\/1760"}],"replies":[{"embeddable":true,"href":"https:\/\/linitiative.ca\/International\/wp-json\/wp\/v2\/comments?post=111925"}],"version-history":[{"count":0,"href":"https:\/\/linitiative.ca\/International\/wp-json\/wp\/v2\/posts\/111925\/revisions"}],"wp:attachment":[{"href":"https:\/\/linitiative.ca\/International\/wp-json\/wp\/v2\/media?parent=111925"}],"wp:term":[{"taxonomy":"category","embeddable":true,"href":"https:\/\/linitiative.ca\/International\/wp-json\/wp\/v2\/categories?post=111925"},{"taxonomy":"post_tag","embeddable":true,"href":"https:\/\/linitiative.ca\/International\/wp-json\/wp\/v2\/tags?post=111925"}],"curies":[{"name":"wp","href":"https:\/\/api.w.org\/{rel}","templated":true}]}}