{"id":111926,"date":"2021-02-24T09:49:21","date_gmt":"2021-02-24T14:49:21","guid":{"rendered":"https:\/\/linitiative.ca\/International\/biden-et-trudeau-affichent-lextraordinaire-amitie-americano-canadienne\/"},"modified":"2021-02-24T09:49:21","modified_gmt":"2021-02-24T14:49:21","slug":"biden-et-trudeau-affichent-lextraordinaire-amitie-americano-canadienne","status":"publish","type":"post","link":"https:\/\/linitiative.ca\/International\/biden-et-trudeau-affichent-lextraordinaire-amitie-americano-canadienne\/","title":{"rendered":"Biden et Trudeau affichent \u00abl\u2019extraordinaire amiti\u00e9\u00bb am\u00e9ricano-canadienne"},"content":{"rendered":"<p class=\"c1\"><strong>Pour clore l\u2019\u00e8re Trump<\/strong><\/p>\n<p><strong>Le pr\u00e9sident am\u00e9ricain Joe Biden a promis mardi de \u00ab\u00a0redoubler d\u2019efforts\u00a0\u00bb avec le Premier ministre canadien Justin Trudeau contre le changement climatique, lors de sa premi\u00e8re rencontre bilat\u00e9rale \u2014 virtuelle \u2014 cens\u00e9e illustrer la priorit\u00e9 donn\u00e9e aux alli\u00e9s proches apr\u00e8s les turbulences de l\u2019\u00e8re Trump.<\/strong><\/p>\n<p>\u00ab\u00a0Les Etats-Unis n\u2019ont pas d\u2019ami plus proche, plus important que le Canada\u00a0\u00bb, a lanc\u00e9 le d\u00e9mocrate au terme de cette r\u00e9union par visioconf\u00e9rence. \u00ab\u00a0C\u2019est pour cela que vous avez \u00e9t\u00e9 le destinataire de mon premier appel en tant que pr\u00e9sident ainsi que ma premi\u00e8re rencontre bilat\u00e9rale\u00a0\u00bb, avait-il soulign\u00e9 en d\u00e9but d\u2019entretien.<br \/>Justin Trudeau a lui salu\u00e9 \u00ab\u00a0l\u2019extraordinaire amiti\u00e9\u00a0\u00bb entre les deux pays voisins. Pand\u00e9mie de Covid-19 oblige, le pr\u00e9sident Biden s\u2019abstient pour l\u2019heure de voyager \u00e0 l\u2019\u00e9tranger ou de recevoir des homologues \u00e0 la Maison Blanche.<\/p>\n<p>Cela emp\u00eache celui qui compte sur sa capacit\u00e9 \u00e0 nouer de bonnes relations personnelles, ainsi que sur les amiti\u00e9s tiss\u00e9es lorsqu\u2019il \u00e9tait vice-pr\u00e9sident de Barack Obama entre 2009 et 2017, de jouer sur le contact direct pour d\u00e9montrer que \u00ab\u00a0l\u2019Am\u00e9rique est de retour\u00a0\u00bb aupr\u00e8s de ses alli\u00e9s.<\/p>\n<p>Cette politique \u00e9trang\u00e8re en rupture avec \u00ab\u00a0l\u2019Am\u00e9rique d\u2019abord\u00a0\u00bb unilat\u00e9raliste et souverainiste de son pr\u00e9d\u00e9cesseur Donald Trump a \u00e9t\u00e9 n\u00e9anmoins mise en sc\u00e8ne lors de la rencontre virtuelle de mardi, qui devrait \u00eatre suivie d\u2019autres avec les alli\u00e9s de Washington.<br \/>Joe Biden et Justin Trudeau ont abord\u00e9 les urgences du moment, comme la lutte contre le changement climatique et contre la pand\u00e9mie, ainsi que la relance de l\u2019\u00e9conomie nord-am\u00e9ricaine.<\/p>\n<p>\u00ab\u00a0Nous avons redoubl\u00e9 d\u2019efforts pour lutter contre le changement climatique\u00a0\u00bb, a d\u00e9clar\u00e9 le pr\u00e9sident am\u00e9ricain, annon\u00e7ant un forum \u00ab\u00a0de haut niveau\u00a0\u00bb pour coordonner les politiques des deux voisins, afin que leurs \u00e9conomies atteignent la neutralit\u00e9 carbone d\u2019ici 2050.<\/p>\n<p>\u00ab\u00a0Merci encore une fois de vous impliquer aussi \u00e9nergiquement\u00a0\u00bb, \u00ab\u00a0le leadership am\u00e9ricain nous a beaucoup manqu\u00e9 ces derni\u00e8res ann\u00e9es\u00a0\u00bb, lui a dit le dirigeant canadien dans une critique directe de l\u2019ex-pr\u00e9sident qui avait retir\u00e9 les Etats-Unis de l\u2019accord de Paris sur le climat, rejoint \u00e0 nouveau par Joe Biden.<\/p>\n<p>Il a m\u00eame ironis\u00e9 sur le fait que les Am\u00e9ricains ne retirent plus, d\u00e9sormais, \u00ab\u00a0toutes les r\u00e9f\u00e9rences au changement climatique\u00a0\u00bb des communiqu\u00e9s communs \u2014 \u00ab\u00a0au contraire, ils en ajoutent\u00a0\u00bb, et \u00ab\u00a0c\u2019est agr\u00e9able\u00a0\u00bb.<\/p>\n<p>Justin Trudeau a m\u00eame sembl\u00e9 vouloir tourner la page, en tout cas en public, au sujet de l\u2019ol\u00e9oduc Keyston XL, qu\u2019il n\u2019a pas mentionn\u00e9 dans ses discours. L\u2019arr\u00eat de ce projet relanc\u00e9 par Donald Trump mais d\u00e9nonc\u00e9 par les associations \u00e9cologistes avait \u00e9t\u00e9 une des premi\u00e8res d\u00e9cisions de Joe Biden en janvier, suscitant la d\u00e9ception d\u2019Ottawa qui le soutenait.<br \/>Les deux hommes ont aussi \u00e9voqu\u00e9 la comp\u00e9tition avec la Chine, que l\u2019Am\u00e9ricain a dit vouloir \u00ab\u00a0coordonner\u00a0\u00bb avec le Canada pour \u00ab\u00a0contrer les menaces contre nos int\u00e9r\u00eats et valeurs\u00a0\u00bb.<\/p>\n<p>\u00ab\u00a0En tant que dirigeants de d\u00e9mocraties majeures, il nous incombe de d\u00e9montrer que la d\u00e9mocratie peut encore r\u00e9pondre aux attentes de nos concitoyens\u00a0\u00bb, au moment o\u00f9 \u00ab\u00a0de nombreux dirigeants \u00e0 travers le monde tentent d\u2019affirmer que les autocraties marchent mieux\u00a0\u00bb, a plaid\u00e9 Joe Biden.<br \/>Il a promis de \u00ab\u00a0travailler ensemble jusqu\u2019au retour\u00a0\u00bb de deux Canadiens d\u00e9tenus en Chine, Michael Kovrig et Michael Spavor \u2014 soutien dont son interlocuteur l\u2019a chaleureusement remerci\u00e9.<br \/>Le nouveau locataire de la Maison Blanche soigne le chef du gouvernement canadien, qui entretenait des relations notoirement difficiles avec Donald Trump.<\/p>\n<p>Le Canadien avait vex\u00e9 l\u2019ex-pr\u00e9sident am\u00e9ricain lors du sommet du G7 en juin 2018 au Qu\u00e9bec en jugeant \u00ab\u00a0insultante\u00a0\u00bb la d\u00e9cision de Washington d\u2019imposer des taxes sur les importations d\u2019acier et d\u2019aluminium du Canada. Le milliardaire r\u00e9publicain avait, en guise de repr\u00e9sailles, retir\u00e9 la signature des Etats-Unis du communiqu\u00e9 final, traitant au passage l\u2019h\u00f4te du sommet de personne \u00ab\u00a0tr\u00e8s malhonn\u00eate et faible\u00a0\u00bb.<br \/>Apr\u00e8s l\u2019entr\u00e9e de Joe Biden dans le Bureau ovale, Justin Trudeau avait salu\u00e9 une \u00ab\u00a0nouvelle \u00e8re\u00a0\u00bb entre les deux pays, estimant que le d\u00e9mocrate \u00e9tait \u00ab\u00a0beaucoup plus align\u00e9\u00a0\u00bb avec \u00ab\u00a0les valeurs des Canadiens\u00a0\u00bb.<\/p>\n<p>Auteur: M&rsquo;hammed rahal<br \/>\n<a href=\"http:\/\/albayane.press.ma\/biden-et-trudeau-affichent-lextraordinaire-amitie-americano-canadienne.html\">Cliquez ici pour lire l&rsquo;article depuis sa source.<\/a><\/p>\n","protected":false},"excerpt":{"rendered":"<p>Pour clore l\u2019\u00e8re Trump Le pr\u00e9sident am\u00e9ricain Joe Biden a promis mardi de \u00ab\u00a0redoubler d\u2019efforts\u00a0\u00bb avec le Premier ministre canadien Justin Trudeau contre le changement climatique, lors de sa premi\u00e8re rencontre bilat\u00e9rale \u2014 virtuelle \u2014 cens\u00e9e illustrer la priorit\u00e9 donn\u00e9e aux alli\u00e9s proches apr\u00e8s les turbulences de l\u2019\u00e8re Trump. \u00ab\u00a0Les Etats-Unis n\u2019ont pas d\u2019ami plus [&hellip;]<\/p>\n","protected":false},"author":1760,"featured_media":0,"comment_status":"closed","ping_status":"closed","sticky":false,"template":"","format":"standard","meta":{"fifu_image_url":"","fifu_image_alt":"","footnotes":""},"categories":[73,54],"tags":[],"class_list":["post-111926","post","type-post","status-publish","format-standard","hentry","category-actualite","category-maroc"],"_links":{"self":[{"href":"https:\/\/linitiative.ca\/International\/wp-json\/wp\/v2\/posts\/111926","targetHints":{"allow":["GET"]}}],"collection":[{"href":"https:\/\/linitiative.ca\/International\/wp-json\/wp\/v2\/posts"}],"about":[{"href":"https:\/\/linitiative.ca\/International\/wp-json\/wp\/v2\/types\/post"}],"author":[{"embeddable":true,"href":"https:\/\/linitiative.ca\/International\/wp-json\/wp\/v2\/users\/1760"}],"replies":[{"embeddable":true,"href":"https:\/\/linitiative.ca\/International\/wp-json\/wp\/v2\/comments?post=111926"}],"version-history":[{"count":0,"href":"https:\/\/linitiative.ca\/International\/wp-json\/wp\/v2\/posts\/111926\/revisions"}],"wp:attachment":[{"href":"https:\/\/linitiative.ca\/International\/wp-json\/wp\/v2\/media?parent=111926"}],"wp:term":[{"taxonomy":"category","embeddable":true,"href":"https:\/\/linitiative.ca\/International\/wp-json\/wp\/v2\/categories?post=111926"},{"taxonomy":"post_tag","embeddable":true,"href":"https:\/\/linitiative.ca\/International\/wp-json\/wp\/v2\/tags?post=111926"}],"curies":[{"name":"wp","href":"https:\/\/api.w.org\/{rel}","templated":true}]}}