{"id":111927,"date":"2021-02-24T09:50:45","date_gmt":"2021-02-24T14:50:45","guid":{"rendered":"https:\/\/linitiative.ca\/International\/%ef%bb%bfle-candidat-autochtone-prive-de-2eme-tour\/"},"modified":"2021-02-24T09:50:45","modified_gmt":"2021-02-24T14:50:45","slug":"%ef%bb%bfle-candidat-autochtone-prive-de-2eme-tour","status":"publish","type":"post","link":"https:\/\/linitiative.ca\/International\/%ef%bb%bfle-candidat-autochtone-prive-de-2eme-tour\/","title":{"rendered":"\ufeffLe candidat autochtone priv\u00e9 de 2\u00e8me tour"},"content":{"rendered":"<p class=\"c1\"><strong>Attendons pour voir\u2026<\/strong><\/p>\n<p class=\"c1\"><strong>Pr\u00e9sidentielles en Equateur\u00a0:<\/strong><\/p>\n<p><strong>Ce dimanche, en pleine nuit et apr\u00e8s une s\u00e9ance marathon qui avait d\u00e9but\u00e9 la veille au matin, le Conseil national \u00e9lectoral \u00e9quatorien a annonc\u00e9 qu\u2019\u00e0 l\u2019issue du premier tour de l\u2019\u00e9lection pr\u00e9sidentielle du 7 f\u00e9vrier dernier, ce sont le socialiste Andr\u00e9s Arauz, 36 ans, poulain de l\u2019ancien pr\u00e9sident Rafael Correa et le conservateur Guillermo Lasso, 65 ans, qui a fait carri\u00e8re dans les affaires et la banque et qui incarne \u00ab l\u2019anticorr\u00e9isme de droite \u00bb qui s\u2019affronteront le 11 Avril prochain, lors du deuxi\u00e8me tour de ce scrutin apr\u00e8s avoir recueilli respectivement 32,72 % et 19,74% des suffrages exprim\u00e9s.<\/strong><\/p>\n<p>Le vainqueur succ\u00e8dera, alors, le 24 mai prochain, au pr\u00e9sident sortant, Lenin Moreno, ancien alli\u00e9 du pr\u00e9sident Correa (2007-2017), un personnage charismatique, \u00e9nergique et \u00ab dictatorial \u00bb, selon ses ennemis, qui vit en exil en Belgique apr\u00e8s avoir \u00e9t\u00e9 condamn\u00e9 \u00e0 huit ann\u00e9es d\u2019emprisonnement pour financement illicite de partis politiques mais qui continue, n\u00e9anmoins, de dominer la sc\u00e8ne politique \u00e9quatorienne.<\/p>\n<p>Mais en obtenant\u00a0 19,39% des voix, leur poursuivant imm\u00e9diat, le leader \u00e9cologiste de gauche Yaku P\u00e9rez, un avocat issu des \u00ab\u00a0mouvements des citoyens indig\u00e8nes\u00a0\u00bb et repr\u00e9sentant le parti \u00ab\u00a0Pachakutik\u00a0\u00bb, a d\u00e9nonc\u00e9 une manipulation des r\u00e9sultats\u00a0au profit du candidat de droite alors que ses partisans \u00e9taient persuad\u00e9s \u00a0qu\u2019il allait cr\u00e9er la surprise. Il s\u2019en est donc fallu de peu puisqu\u2019il ne lui manquait (officiellement) que quelques 32.000 voix : \u00ab\u00a0Au troisi\u00e8me jour [apr\u00e8s le scrutin], nous \u00e9tions \u00e0 la deuxi\u00e8me place et, au quatri\u00e8me, ils nous mettent \u00e0 la troisi\u00e8me place. C\u2019est de la fraude\u00a0!\u00a0\u00bb\u00a0<\/p>\n<p>Si le candidat autochtone a hauss\u00e9 le ton c\u2019est aussi parce que c\u2019est bien la premi\u00e8re fois que, dans une \u00e9lection pr\u00e9sidentielle \u00e9quatorienne, le candidat indig\u00e8ne est all\u00e9 aussi loin alors m\u00eame que 40% des \u00e9quatoriens auraient des origines indig\u00e8nes et que d\u2019apr\u00e8s le recensement de 2018, la population indig\u00e8ne ne d\u00e9passe pas 7% des 17,4 millions d\u2019habitants que compte le pays.<\/p>\n<p>Fort de son droit, le leader indig\u00e8ne Yaku P\u00e9rez avait demand\u00e9 au Conseil national \u00e9lectoral de proc\u00e9der \u00e0 un nouveau d\u00e9compte des voix. Mais bien que le CNE se soit engag\u00e9, par \u00e9crit, \u00e0 v\u00e9rifier 45% des bulletins, il s\u2019est r\u00e9tract\u00e9 ce mercredi. Raison pour laquelle m\u00eame s\u2019il a encore la possibilit\u00e9 de contester ces r\u00e9sultats devant les tribunaux, Yaku P\u00e9rez a choisi de s\u2019y prendre autrement en entamant, le jour-m\u00eame et avec plusieurs de ses partisans, une \u00ab\u00a0marche pour la d\u00e9mocratie\u00a0\u00bb depuis la ville de Loja, dans le sud du pays pr\u00e8s de la fronti\u00e8re avec le P\u00e9rou afin de rallier Quito, la capitale, ce mardi. Le leader autochtone a promis \u00ab\u00a0des fleuves de personnes\u00a0\u00bb pour d\u00e9noncer la fraude qui a entach\u00e9 le scrutin et rappeler que le vote des autochtones \u00ab\u00a0ne se vole pas\u00a0\u00bb. Au cours de cette importante marche, le candidat des indig\u00e8nes \u00a0compte, \u00e9galement, reprendre le th\u00e8me principal de sa campagne qui avait trait au droit \u00e0 l\u2019eau car celui-ci doit \u00eatre d\u00e9fendu avec force face \u00e0 l\u2019app\u00e9tit vorace du secteur priv\u00e9. \u00a0<\/p>\n<p>Enfin, si en plus du pr\u00e9sident, le 7 f\u00e9vrier dernier les 13,1 millions d\u2019\u00e9quatoriens \u00e9taient \u00e9galement appel\u00e9s \u00e0 d\u00e9signer les 137 d\u00e9put\u00e9s de leur parlement monocam\u00e9ral, force est de reconna\u00eetre qu\u2019aucun parti n\u2019y a remport\u00e9 la majorit\u00e9 et qu\u2019\u00e0 ce titre ce sont les \u00ab\u00a0corr\u00e9istes\u00bb qui, avec une cinquantaine de si\u00e8ges, demeureront la principale force politique d\u2019un pays durement frapp\u00e9, d\u2019un c\u00f4t\u00e9, par la crise sanitaire du nouveau coronavirus \u00a0et, de l\u2019autre, par l\u2019instabilit\u00e9 des cours du p\u00e9trole.<\/p>\n<p>Si nous ajoutons \u00e0 cela cette \u00ab\u00a0\u00e9viction\u00a0\u00bb malheureuse du candidat autochtone que ni lui ni ses partisans n\u2019entendent laisser passer, de quoi demain sera-t-il fait dans ce petit Etat andin\u00a0qu\u2019est l\u2019Equateur ? Attendons pour voir\u2026.<\/p>\n<p><strong>Nabil<\/strong><strong>\u00a0EL BOUSAADI<\/strong><\/p>\n<p>Auteur: M&rsquo;hammed rahal<br \/>\n<a href=\"http:\/\/albayane.press.ma\/%EF%BB%BFle-candidat-autochtone-prive-de-2eme-tour.html\">Cliquez ici pour lire l&rsquo;article depuis sa source.<\/a><\/p>\n","protected":false},"excerpt":{"rendered":"<p>Attendons pour voir\u2026 Pr\u00e9sidentielles en Equateur\u00a0: Ce dimanche, en pleine nuit et apr\u00e8s une s\u00e9ance marathon qui avait d\u00e9but\u00e9 la veille au matin, le Conseil national \u00e9lectoral \u00e9quatorien a annonc\u00e9 qu\u2019\u00e0 l\u2019issue du premier tour de l\u2019\u00e9lection pr\u00e9sidentielle du 7 f\u00e9vrier dernier, ce sont le socialiste Andr\u00e9s Arauz, 36 ans, poulain de l\u2019ancien pr\u00e9sident Rafael [&hellip;]<\/p>\n","protected":false},"author":1760,"featured_media":0,"comment_status":"closed","ping_status":"closed","sticky":false,"template":"","format":"standard","meta":{"fifu_image_url":"","fifu_image_alt":"","footnotes":""},"categories":[73,54],"tags":[],"class_list":["post-111927","post","type-post","status-publish","format-standard","hentry","category-actualite","category-maroc"],"_links":{"self":[{"href":"https:\/\/linitiative.ca\/International\/wp-json\/wp\/v2\/posts\/111927","targetHints":{"allow":["GET"]}}],"collection":[{"href":"https:\/\/linitiative.ca\/International\/wp-json\/wp\/v2\/posts"}],"about":[{"href":"https:\/\/linitiative.ca\/International\/wp-json\/wp\/v2\/types\/post"}],"author":[{"embeddable":true,"href":"https:\/\/linitiative.ca\/International\/wp-json\/wp\/v2\/users\/1760"}],"replies":[{"embeddable":true,"href":"https:\/\/linitiative.ca\/International\/wp-json\/wp\/v2\/comments?post=111927"}],"version-history":[{"count":0,"href":"https:\/\/linitiative.ca\/International\/wp-json\/wp\/v2\/posts\/111927\/revisions"}],"wp:attachment":[{"href":"https:\/\/linitiative.ca\/International\/wp-json\/wp\/v2\/media?parent=111927"}],"wp:term":[{"taxonomy":"category","embeddable":true,"href":"https:\/\/linitiative.ca\/International\/wp-json\/wp\/v2\/categories?post=111927"},{"taxonomy":"post_tag","embeddable":true,"href":"https:\/\/linitiative.ca\/International\/wp-json\/wp\/v2\/tags?post=111927"}],"curies":[{"name":"wp","href":"https:\/\/api.w.org\/{rel}","templated":true}]}}