{"id":111928,"date":"2021-02-24T08:21:39","date_gmt":"2021-02-24T13:21:39","guid":{"rendered":"https:\/\/linitiative.ca\/International\/bct-abdelkrim-lassoued-analyse-la-nouvelle-notation-de-moodys\/"},"modified":"2021-02-24T08:21:39","modified_gmt":"2021-02-24T13:21:39","slug":"bct-abdelkrim-lassoued-analyse-la-nouvelle-notation-de-moodys","status":"publish","type":"post","link":"https:\/\/linitiative.ca\/International\/bct-abdelkrim-lassoued-analyse-la-nouvelle-notation-de-moodys\/","title":{"rendered":"BCT : Abdelkrim Lassoued analyse la nouvelle notation de Moody\u2019s"},"content":{"rendered":"<div class=\"td-post-content\">\n<h2>Abdelkrim Lassoued, directeur g\u00e9n\u00e9ral du financement et des paiements ext\u00e9rieurs \u00e0 la\u00a0<a href=\"https:\/\/www.bct.gov.tn\/\" target=\"_blank\" rel=\"noopener noreferrer\">Banque centrale de Tunisie<\/a>\u00a0(BCT), a expliqu\u00e9, lors d\u2019un passage radio, le contexte relatif \u00e0 la\u00a0<a href=\"http:\/\/www.leconomistemaghrebin.com\/2021\/02\/24\/moodys-radhi-meddeb-notation-connaitre-nouvelle-degradation\/\" target=\"_blank\" rel=\"noopener noreferrer\">nouvelle notation de Moody\u2019s<\/a>.<\/h2>\n<p>Abdelkrim Lassoued a soulign\u00e9 l\u2019impact n\u00e9gatif de cette notation sur l\u2019\u00e9conomie tunisienne. Il a expliqu\u00e9 que le classement se r\u00e9f\u00e8re principalement \u00e0 la capacit\u00e9 de l\u2019Etat \u00e0 payer ses dettes ext\u00e9rieures.<\/p>\n<p>Par la suite, le directeur g\u00e9n\u00e9ral a rappel\u00e9 que le PIB de la Tunisie a chut\u00e9 de 8,8% en 2020. \u00ab\u00a0Durant la d\u00e9cennie 2011-2020, le PIB \u00e9tait en moyenne de 0,5% en Tunisie\u00a0\u00bb, a-t-il ajout\u00e9. Abdelkrim Lassoued a estim\u00e9 que ce taux est tr\u00e8s faible et qu\u2019il n\u2019attire pas les investisseurs.<\/p>\n<p>Le responsable a \u00e9galement cit\u00e9 le d\u00e9ficit de la balance commerciale comme \u00e9l\u00e9ment pris en compte par Moody\u2019s. Il a not\u00e9 que la balance commerciale a enregistr\u00e9 un d\u00e9ficit de 10,1% en 2020.<\/p>\n<p>Lors de son intervention, Abdelkrim Lassoued a mentionn\u00e9 la dette publique qui s\u2019est \u00e9lev\u00e9e \u00e0 84,6% du PIB en 2020, contre 74,6% en 2019. La dette ext\u00e9rieure, de son c\u00f4t\u00e9, a \u00e9galement enregistr\u00e9 une hausse. Le directeur g\u00e9n\u00e9ral a expliqu\u00e9 qu\u2019elle est pass\u00e9 de 65% du PIB en 2019 \u00e0 70% du PIB en 2020.<\/p>\n<p>\u00ab\u00a0Un autre indicateur impacte la classification! Il s\u2019agit du taux de ch\u00f4mage.\u00a0\u00bb a expliqu\u00e9 Abdelkrim Lassoued. Il a atteint 17,4% en 2020.<\/p>\n<p>Par ailleurs, Abdelkrim Lassoued est revenu sur certains \u00e9l\u00e9ments mentionn\u00e9s dans le communiqu\u00e9 de Moody\u2019s. L\u2019agence de notation avait \u00e9voqu\u00e9 l\u2019impact du contexte politique tunisien sur la notation. Elle a cit\u00e9 la crise politique relative \u00e0 la nomination du chef du gouvernement en 2020. Moody\u2019s a aussi expliqu\u00e9 que la fragmentation du parlement tunisien a contribu\u00e9 \u00e0 l\u2019instabilit\u00e9 de la situation en Tunisie.<\/p>\n<p>\u00ab\u00a0N\u00e9anmoins, le bilan n\u2019est pas compl\u00e8tement n\u00e9gatif\u00a0\u00bb, a poursuivi le responsable de la BCT. Il a cit\u00e9 \u00e0 titre d\u2019exemple la balance commerciale. Le d\u00e9ficit s\u2019y est \u00e9tabli \u00e0 6,8% du PIB fin 2020, contre 11,2% en 2018.<\/p>\n<\/div>\n<footer>\n<div class=\"td-post-source-tags\">\n<ul class=\"td-tags td-post-small-box clearfix\">\n<li><strong>leconomistemaghrebin<\/strong><\/li>\n<\/ul>\n<\/div>\n<\/footer>\n<div class=\"wp-post-author-wrap wp-post-author-shortcode left\">\n<h3 class=\"awpa-title\"\/>\n<div class=\"wp-post-author\">\n<div class=\"awpa-img awpa-author-block square\"><a href=\"http:\/\/lexpertjournal.net\/fr\/?author=5\"><img loading=\"lazy\" decoding=\"async\" alt=\"\" src=\"http:\/\/0.gravatar.com\/avatar\/97f8e10a1c1125ba104a76514ee07b16?s=150&amp;d=mm&amp;r=g\" srcset=\"http:\/\/0.gravatar.com\/avatar\/97f8e10a1c1125ba104a76514ee07b16?s=300&amp;d=mm&amp;r=g 2x\" class=\"avatar avatar-150 photo\" height=\"150\" width=\"150\"\/><\/a><\/div>\n<\/div>\n<\/div>\n<aside class=\"mashsb-container mashsb-main mashsb-stretched\">\n<\/aside>\n<p>Auteur: L&rsquo;expert<br \/>\n<a href=\"http:\/\/lexpertjournal.net\/fr\/?p=18820\">Cliquez ici pour lire l&rsquo;article depuis sa source.<\/a><\/p>\n","protected":false},"excerpt":{"rendered":"<p>Abdelkrim Lassoued, directeur g\u00e9n\u00e9ral du financement et des paiements ext\u00e9rieurs \u00e0 la\u00a0Banque centrale de Tunisie\u00a0(BCT), a expliqu\u00e9, lors d\u2019un passage radio, le contexte relatif \u00e0 la\u00a0nouvelle notation de Moody\u2019s. Abdelkrim Lassoued a soulign\u00e9 l\u2019impact n\u00e9gatif de cette notation sur l\u2019\u00e9conomie tunisienne. Il a expliqu\u00e9 que le classement se r\u00e9f\u00e8re principalement \u00e0 la capacit\u00e9 de l\u2019Etat [&hellip;]<\/p>\n","protected":false},"author":1775,"featured_media":0,"comment_status":"closed","ping_status":"closed","sticky":false,"template":"","format":"standard","meta":{"fifu_image_url":"http:\/\/0.gravatar.com\/avatar\/97f8e10a1c1125ba104a76514ee07b16?s=150&d=mm&r=g","fifu_image_alt":"BCT : Abdelkrim Lassoued analyse la nouvelle notation de Moody\u2019s","footnotes":""},"categories":[78,55],"tags":[],"class_list":["post-111928","post","type-post","status-publish","format-standard","hentry","category-economie","category-tunisie"],"_links":{"self":[{"href":"https:\/\/linitiative.ca\/International\/wp-json\/wp\/v2\/posts\/111928","targetHints":{"allow":["GET"]}}],"collection":[{"href":"https:\/\/linitiative.ca\/International\/wp-json\/wp\/v2\/posts"}],"about":[{"href":"https:\/\/linitiative.ca\/International\/wp-json\/wp\/v2\/types\/post"}],"author":[{"embeddable":true,"href":"https:\/\/linitiative.ca\/International\/wp-json\/wp\/v2\/users\/1775"}],"replies":[{"embeddable":true,"href":"https:\/\/linitiative.ca\/International\/wp-json\/wp\/v2\/comments?post=111928"}],"version-history":[{"count":0,"href":"https:\/\/linitiative.ca\/International\/wp-json\/wp\/v2\/posts\/111928\/revisions"}],"wp:attachment":[{"href":"https:\/\/linitiative.ca\/International\/wp-json\/wp\/v2\/media?parent=111928"}],"wp:term":[{"taxonomy":"category","embeddable":true,"href":"https:\/\/linitiative.ca\/International\/wp-json\/wp\/v2\/categories?post=111928"},{"taxonomy":"post_tag","embeddable":true,"href":"https:\/\/linitiative.ca\/International\/wp-json\/wp\/v2\/tags?post=111928"}],"curies":[{"name":"wp","href":"https:\/\/api.w.org\/{rel}","templated":true}]}}