{"id":111930,"date":"2021-02-24T08:27:11","date_gmt":"2021-02-24T13:27:11","guid":{"rendered":"https:\/\/linitiative.ca\/International\/moodys-radhi-meddeb-la-notation-est-appelee-a-connaitre-une-nouvelle-degradation\/"},"modified":"2021-02-24T08:27:11","modified_gmt":"2021-02-24T13:27:11","slug":"moodys-radhi-meddeb-la-notation-est-appelee-a-connaitre-une-nouvelle-degradation","status":"publish","type":"post","link":"https:\/\/linitiative.ca\/International\/moodys-radhi-meddeb-la-notation-est-appelee-a-connaitre-une-nouvelle-degradation\/","title":{"rendered":"Moody\u2019s \u2013 Radhi Meddeb : \u00ab La notation est appel\u00e9e \u00e0 conna\u00eetre une nouvelle d\u00e9gradation \u00bb"},"content":{"rendered":"<h2>Radhi Meddeb a comment\u00e9 dans post sur les r\u00e9seaux sociaux\u00a0<a href=\"https:\/\/www.leconomistemaghrebin.com\/2021\/02\/23\/moodys-degrade-note-souveraine-tunisie-b3\/\" target=\"_blank\" rel=\"noopener noreferrer\">la notation de Moody\u2019s<\/a>. En effet, l\u2019agence a abaiss\u00e9 le 23 f\u00e9vrier la notation souveraine de la Tunisie de B2 \u00e0 B3. Et ce, tant pour la dette en devises qu\u2019en dinars; mais aussi pour celles de la Banque centrale de Tunisie.<\/h2>\n<p>Pour Radhi Meddeb, il faut en retenir plusieurs \u00e9l\u00e9ments.<\/p>\n<p>Tout d\u2019abord que la Tunisie passe depuis plusieurs ann\u00e9es par une situation de crise \u00e9conomique et financi\u00e8re; sans arriver \u00e0 engager les r\u00e9formes n\u00e9cessaires.<\/p>\n<p>Ensuite que la situation politique, avec la fragmentation du parlement et la discorde au plus haut niveau de l\u2019\u00c9tat, entra\u00eene une faible gouvernance et l\u2019incapacit\u00e9 \u00e0 engager les r\u00e9formes.<\/p>\n<p>Et encore, que l\u2019absence d\u2019un dialogue avec les parties prenantes et la soci\u00e9t\u00e9 civile ne favorise pas l\u2019adoption et la mise en \u0153uvre d\u2019un plan de redressement des finances publiques et des comptes ext\u00e9rieurs du pays.<\/p>\n<p>Par ailleurs, l\u2019\u00e9tat d\u00e9labr\u00e9 des finances publiques ne permet pas d\u2019accompagner les r\u00e9formes douloureuses \u00e0 venir d\u2019un soutien effectif aux cat\u00e9gories pauvres et vuln\u00e9rables de la population.<\/p>\n<p>Tout en sachant que l\u2019adoption des r\u00e9formes n\u00e9cessaires se heurte \u00e0 des int\u00e9r\u00eats sociaux et cat\u00e9goriels puissants; de m\u00eame qu\u2019\u00e0 des contestations pr\u00e9alables permanentes.<\/p>\n<p>Et le retard pris dans la n\u00e9gociation d\u2019un accord avec\u00a0<a href=\"https:\/\/www.imf.org\/fr\/Home\" target=\"_blank\" rel=\"noopener noreferrer\">le FMI<\/a>\u00a0complique la capacit\u00e9 de l\u2019\u00c9tat \u00e0 couvrir ses besoins de financement bruts.<\/p>\n<p>En outre, la dette publique atteint des niveaux \u00e9lev\u00e9s. Augment\u00e9e des garanties accord\u00e9es aux entreprises publiques, elle risque d\u2019\u00eatre insoutenable.<\/p>\n<p>Quant \u00e0 la part en devises de la dette publique, elle augmente d\u2019ann\u00e9e en ann\u00e9e, atteignant des niveaux non soutenables.<\/p>\n<p>Enfin, le non engagement des r\u00e9formes risque de mettre en cause la soutenabilit\u00e9 de la dette ext\u00e9rieure du pays.<\/p>\n<p>Alors, \u00ab\u00a0la plus mauvaise nouvelle dans tout cela, c\u2019est probablement la perspective n\u00e9gative dont est assortie la notation. En clair, cela veut dire que, sauf miracle, la notation est appel\u00e9e, \u00e0 court terme, \u00e0 conna\u00eetre une nouvelle d\u00e9gradation\u00a0\u00bb. Ainsi conclut Radhi Meddeb.<\/p>\n<p><strong>leconomistemaghrebin<\/strong><\/p>\n<div class=\"wp-post-author-wrap wp-post-author-shortcode left\">\n<h3 class=\"awpa-title\"\/>\n<div class=\"wp-post-author\">\n<div class=\"awpa-img awpa-author-block square\"><a href=\"http:\/\/lexpertjournal.net\/fr\/?author=5\"><img loading=\"lazy\" decoding=\"async\" alt=\"\" src=\"http:\/\/0.gravatar.com\/avatar\/97f8e10a1c1125ba104a76514ee07b16?s=150&amp;d=mm&amp;r=g\" srcset=\"http:\/\/0.gravatar.com\/avatar\/97f8e10a1c1125ba104a76514ee07b16?s=300&amp;d=mm&amp;r=g 2x\" class=\"avatar avatar-150 photo\" height=\"150\" width=\"150\"\/><\/a><\/div>\n<\/div>\n<\/div>\n<aside class=\"mashsb-container mashsb-main mashsb-stretched\">\n<\/aside>\n<p>Auteur: L&rsquo;expert<br \/>\n<a href=\"http:\/\/lexpertjournal.net\/fr\/?p=18826\">Cliquez ici pour lire l&rsquo;article depuis sa source.<\/a><\/p>\n","protected":false},"excerpt":{"rendered":"<p>Radhi Meddeb a comment\u00e9 dans post sur les r\u00e9seaux sociaux\u00a0la notation de Moody\u2019s. En effet, l\u2019agence a abaiss\u00e9 le 23 f\u00e9vrier la notation souveraine de la Tunisie de B2 \u00e0 B3. Et ce, tant pour la dette en devises qu\u2019en dinars; mais aussi pour celles de la Banque centrale de Tunisie. Pour Radhi Meddeb, il [&hellip;]<\/p>\n","protected":false},"author":1775,"featured_media":0,"comment_status":"closed","ping_status":"closed","sticky":false,"template":"","format":"standard","meta":{"fifu_image_url":"http:\/\/0.gravatar.com\/avatar\/97f8e10a1c1125ba104a76514ee07b16?s=150&d=mm&r=g","fifu_image_alt":"Moody\u2019s \u2013 Radhi Meddeb : \u00ab La notation est appel\u00e9e \u00e0 conna\u00eetre une nouvelle d\u00e9gradation \u00bb","footnotes":""},"categories":[78,55],"tags":[],"class_list":["post-111930","post","type-post","status-publish","format-standard","hentry","category-economie","category-tunisie"],"_links":{"self":[{"href":"https:\/\/linitiative.ca\/International\/wp-json\/wp\/v2\/posts\/111930","targetHints":{"allow":["GET"]}}],"collection":[{"href":"https:\/\/linitiative.ca\/International\/wp-json\/wp\/v2\/posts"}],"about":[{"href":"https:\/\/linitiative.ca\/International\/wp-json\/wp\/v2\/types\/post"}],"author":[{"embeddable":true,"href":"https:\/\/linitiative.ca\/International\/wp-json\/wp\/v2\/users\/1775"}],"replies":[{"embeddable":true,"href":"https:\/\/linitiative.ca\/International\/wp-json\/wp\/v2\/comments?post=111930"}],"version-history":[{"count":0,"href":"https:\/\/linitiative.ca\/International\/wp-json\/wp\/v2\/posts\/111930\/revisions"}],"wp:attachment":[{"href":"https:\/\/linitiative.ca\/International\/wp-json\/wp\/v2\/media?parent=111930"}],"wp:term":[{"taxonomy":"category","embeddable":true,"href":"https:\/\/linitiative.ca\/International\/wp-json\/wp\/v2\/categories?post=111930"},{"taxonomy":"post_tag","embeddable":true,"href":"https:\/\/linitiative.ca\/International\/wp-json\/wp\/v2\/tags?post=111930"}],"curies":[{"name":"wp","href":"https:\/\/api.w.org\/{rel}","templated":true}]}}