{"id":111934,"date":"2021-02-24T04:30:00","date_gmt":"2021-02-24T09:30:00","guid":{"rendered":"https:\/\/linitiative.ca\/International\/des-associations-appellent-a-la-reouverture-des-espaces-culturels\/"},"modified":"2021-02-24T04:30:00","modified_gmt":"2021-02-24T09:30:00","slug":"des-associations-appellent-a-la-reouverture-des-espaces-culturels","status":"publish","type":"post","link":"https:\/\/linitiative.ca\/International\/des-associations-appellent-a-la-reouverture-des-espaces-culturels\/","title":{"rendered":"Des associations appellent \u00e0 la r\u00e9ouverture des espaces culturels"},"content":{"rendered":"<div id=\"originalText\" readability=\"58\">\n<p>Convi\u00e9es, ce lundi, \u00e0 une rencontre de consultation initi\u00e9e par la direction de la culture, les associations activant dans le domaine culturel \u00e0 Jijel ont plaid\u00e9 pour la r\u00e9ouverture des espaces culturels. C\u2019est ce qui ressort des interventions des participants \u00e0 cette rencontre, qui a permis \u00e0 ces associations de soulever des pr\u00e9occupations li\u00e9es \u00e0 leurs diff\u00e9rentes activit\u00e9s. Certaines ont relev\u00e9 le probl\u00e8me des subventions, qui entrave leurs activit\u00e9s, tandis que d\u2019autres ont plaid\u00e9 pour la redynamisation de la sc\u00e8ne culturelle locale par le biais de leur participation aux manifestations organis\u00e9es \u00e0 Jijel.<\/p>\n<p>C\u2019est dans ce cadre que ces associations ont insist\u00e9 sur l\u2019ouverture des espaces culturels, tels que le th\u00e9\u00e2tre et les arts lyriques. Des propositions ont \u00e9galement \u00e9t\u00e9 formul\u00e9es pour la relance des activit\u00e9s culturelles \u00e0 l\u2019\u00e9chelle de la wilaya de Jijel \u00e0 travers la pr\u00e9sentation de projets artistiques n\u00e9cessitant des soutiens et des subventions par le secteur culturel. Intervenant pour r\u00e9pondre aux pr\u00e9occupations pr\u00e9sent\u00e9es, le directeur par int\u00e9rim de la culture, Bouhali Mohamed Cherif, s\u2019est engag\u00e9 \u00e0 prendre en charge toutes les propositions et les avis formul\u00e9s lors de cette rencontre, qu\u2019il a lui-m\u00eame initi\u00e9e.<\/p>\n<p>\u00c0 ce titre, il a fait savoir que la maison de la culture Omar-Ousseddik ou encore le mus\u00e9e Kotama sont ouverts \u00e0 toutes les initiatives et autres activit\u00e9s, de m\u00eame que les autres espaces culturels implant\u00e9s \u00e0 travers les autres communes de la wilaya pour la promotion des activit\u00e9s culturelles. Les associations concern\u00e9es ont par ailleurs \u00e9t\u00e9 invit\u00e9es \u00e0 s\u2019inscrire sur la plate-forme \u00e9lectronique du minist\u00e8re de la Culture pour les projets artistiques aux fins de leur financement.<\/p>\n<p class=\"c6\"><strong>Amor Z.<\/strong><\/p>\n<\/div>\n<div id=\"text_core\" readability=\"58\">\n<p>Convi\u00e9es, ce lundi, \u00e0 une rencontre de consultation initi\u00e9e par la direction de la culture, les associations activant dans le domaine culturel \u00e0 Jijel ont plaid\u00e9 pour la r\u00e9ouverture des espaces culturels. C\u2019est ce qui ressort des interventions des participants \u00e0 cette rencontre, qui a permis \u00e0 ces associations de soulever des pr\u00e9occupations li\u00e9es \u00e0 leurs diff\u00e9rentes activit\u00e9s. Certaines ont relev\u00e9 le probl\u00e8me des subventions, qui entrave leurs activit\u00e9s, tandis que d\u2019autres ont plaid\u00e9 pour la redynamisation de la sc\u00e8ne culturelle locale par le biais de leur participation aux manifestations organis\u00e9es \u00e0 Jijel.<\/p>\n<p>C\u2019est dans ce cadre que ces associations ont insist\u00e9 sur l\u2019ouverture des espaces culturels, tels que le th\u00e9\u00e2tre et les arts lyriques. Des propositions ont \u00e9galement \u00e9t\u00e9 formul\u00e9es pour la relance des activit\u00e9s culturelles \u00e0 l\u2019\u00e9chelle de la wilaya de Jijel \u00e0 travers la pr\u00e9sentation de projets artistiques n\u00e9cessitant des soutiens et des subventions par le secteur culturel. Intervenant pour r\u00e9pondre aux pr\u00e9occupations pr\u00e9sent\u00e9es, le directeur par int\u00e9rim de la culture, Bouhali Mohamed Cherif, s\u2019est engag\u00e9 \u00e0 prendre en charge toutes les propositions et les avis formul\u00e9s lors de cette rencontre, qu\u2019il a lui-m\u00eame initi\u00e9e.<\/p>\n<p>\u00c0 ce titre, il a fait savoir que la maison de la culture Omar-Ousseddik ou encore le mus\u00e9e Kotama sont ouverts \u00e0 toutes les initiatives et autres activit\u00e9s, de m\u00eame que les autres espaces culturels implant\u00e9s \u00e0 travers les autres communes de la wilaya pour la promotion des activit\u00e9s culturelles. Les associations concern\u00e9es ont par ailleurs \u00e9t\u00e9 invit\u00e9es \u00e0 s\u2019inscrire sur la plate-forme \u00e9lectronique du minist\u00e8re de la Culture pour les projets artistiques aux fins de leur financement.<\/p>\n<p class=\"c6\"><strong>Amor Z.<\/strong><\/p>\n<\/div>\n<p>Auteur:<br \/>\n<a href=\"https:\/\/www.liberte-algerie.com\/culture\/des-associations-appellent-a-la-reouverture-des-espaces-culturels-354561\">Cliquez ici pour lire l&rsquo;article depuis sa source.<\/a><\/p>\n","protected":false},"excerpt":{"rendered":"<p>Convi\u00e9es, ce lundi, \u00e0 une rencontre de consultation initi\u00e9e par la direction de la culture, les associations activant dans le domaine culturel \u00e0 Jijel ont plaid\u00e9 pour la r\u00e9ouverture des espaces culturels. C\u2019est ce qui ressort des interventions des participants \u00e0 cette rencontre, qui a permis \u00e0 ces associations de soulever des pr\u00e9occupations li\u00e9es \u00e0 [&hellip;]<\/p>\n","protected":false},"author":1742,"featured_media":0,"comment_status":"closed","ping_status":"closed","sticky":false,"template":"","format":"standard","meta":{"fifu_image_url":"","fifu_image_alt":"","footnotes":""},"categories":[73,53],"tags":[],"class_list":["post-111934","post","type-post","status-publish","format-standard","hentry","category-actualite","category-algerie"],"_links":{"self":[{"href":"https:\/\/linitiative.ca\/International\/wp-json\/wp\/v2\/posts\/111934","targetHints":{"allow":["GET"]}}],"collection":[{"href":"https:\/\/linitiative.ca\/International\/wp-json\/wp\/v2\/posts"}],"about":[{"href":"https:\/\/linitiative.ca\/International\/wp-json\/wp\/v2\/types\/post"}],"author":[{"embeddable":true,"href":"https:\/\/linitiative.ca\/International\/wp-json\/wp\/v2\/users\/1742"}],"replies":[{"embeddable":true,"href":"https:\/\/linitiative.ca\/International\/wp-json\/wp\/v2\/comments?post=111934"}],"version-history":[{"count":0,"href":"https:\/\/linitiative.ca\/International\/wp-json\/wp\/v2\/posts\/111934\/revisions"}],"wp:attachment":[{"href":"https:\/\/linitiative.ca\/International\/wp-json\/wp\/v2\/media?parent=111934"}],"wp:term":[{"taxonomy":"category","embeddable":true,"href":"https:\/\/linitiative.ca\/International\/wp-json\/wp\/v2\/categories?post=111934"},{"taxonomy":"post_tag","embeddable":true,"href":"https:\/\/linitiative.ca\/International\/wp-json\/wp\/v2\/tags?post=111934"}],"curies":[{"name":"wp","href":"https:\/\/api.w.org\/{rel}","templated":true}]}}