{"id":111936,"date":"2021-02-24T05:26:57","date_gmt":"2021-02-24T10:26:57","guid":{"rendered":"https:\/\/linitiative.ca\/International\/ouverture-de-deux-centres-de-vaccination-supplementaires\/"},"modified":"2021-02-24T05:26:57","modified_gmt":"2021-02-24T10:26:57","slug":"ouverture-de-deux-centres-de-vaccination-supplementaires","status":"publish","type":"post","link":"https:\/\/linitiative.ca\/International\/ouverture-de-deux-centres-de-vaccination-supplementaires\/","title":{"rendered":"Ouverture de deux centres de vaccination suppl\u00e9mentaires"},"content":{"rendered":"<div class=\"single-featured\"><img alt=\"\" data-src=\"http:\/\/www.mapmarrakech.ma\/map\/uploads\/2021\/02\/ouverture-centres-copier.jpg\"\/><\/div>\n<div class=\"single-post-excerpt post-excerpt-bc\" readability=\"41\">\n<p>Marrakech \u2013 Le wali de la r\u00e9gion Marrakech-Safi, gouverneur de la pr\u00e9fecture de Marrakech, Karim Kassi-Lahlou, a proc\u00e9d\u00e9, mardi dans la cit\u00e9 ocre, \u00e0 l\u2019ouverture de deux centres de vaccination suppl\u00e9mentaires contre le nouveau coronavirus (Covid-19) et ce, dans le cadre des efforts inlassables d\u00e9ploy\u00e9s en vue de renforcer la logistique d\u00e9di\u00e9e \u00e0 cette op\u00e9ration nationale d\u2019envergure et d\u2019assurer sa r\u00e9ussite \u00e0 l\u2019\u00e9chelle r\u00e9gionale.<\/p>\n<\/div>\n<div class=\"entry-content clearfix single-post-content\" readability=\"50\">\n<p>Il s\u2019agit de deux stations de vaccination am\u00e9nag\u00e9es au sein des salles couvertes de Moulay Rachid, \u00e0 Hay Mohammadi, et de M\u2019hamid.<\/p>\n<p>A cette occasion, M. Kassi-Lahlou s\u2019est inform\u00e9 de pr\u00e8s de toutes les mesures organisationnelles et logistiques prises au niveau de ces deux centres ayant commenc\u00e9 \u00e0 accueillir, d\u00e8s ce mardi matin, les habitants de la ville.<\/p>\n<p>Au cours de cette visite, le wali de la r\u00e9gion \u00e9tait accompagn\u00e9 du secr\u00e9taire g\u00e9n\u00e9ral de la pr\u00e9fecture de Marrakech, du chef de la division des affaires int\u00e9rieures et des autorit\u00e9s locales comp\u00e9tentes, ainsi que des cadres de sant\u00e9 charg\u00e9s de veiller au bon d\u00e9roulement de cette vaste op\u00e9ration vaccinale.<\/p>\n<\/div>\n<p>Auteur: Meriem IGASS<br \/>\n<a href=\"http:\/\/www.mapmarrakech.ma\/fr\/ouverture-de-deux-centres-de-vaccination-supplementaires\/\">Cliquez ici pour lire l&rsquo;article depuis sa source.<\/a><\/p>\n","protected":false},"excerpt":{"rendered":"<p>Marrakech \u2013 Le wali de la r\u00e9gion Marrakech-Safi, gouverneur de la pr\u00e9fecture de Marrakech, Karim Kassi-Lahlou, a proc\u00e9d\u00e9, mardi dans la cit\u00e9 ocre, \u00e0 l\u2019ouverture de deux centres de vaccination suppl\u00e9mentaires contre le nouveau coronavirus (Covid-19) et ce, dans le cadre des efforts inlassables d\u00e9ploy\u00e9s en vue de renforcer la logistique d\u00e9di\u00e9e \u00e0 cette op\u00e9ration [&hellip;]<\/p>\n","protected":false},"author":1788,"featured_media":0,"comment_status":"closed","ping_status":"closed","sticky":false,"template":"","format":"standard","meta":{"fifu_image_url":"http:\/\/www.mapmarrakech.ma\/map\/uploads\/2021\/02\/ouverture-centres-copier.jpg","fifu_image_alt":"Ouverture de deux centres de vaccination suppl\u00e9mentaires","footnotes":""},"categories":[54,76],"tags":[],"class_list":["post-111936","post","type-post","status-publish","format-standard","hentry","category-maroc","category-regions"],"_links":{"self":[{"href":"https:\/\/linitiative.ca\/International\/wp-json\/wp\/v2\/posts\/111936","targetHints":{"allow":["GET"]}}],"collection":[{"href":"https:\/\/linitiative.ca\/International\/wp-json\/wp\/v2\/posts"}],"about":[{"href":"https:\/\/linitiative.ca\/International\/wp-json\/wp\/v2\/types\/post"}],"author":[{"embeddable":true,"href":"https:\/\/linitiative.ca\/International\/wp-json\/wp\/v2\/users\/1788"}],"replies":[{"embeddable":true,"href":"https:\/\/linitiative.ca\/International\/wp-json\/wp\/v2\/comments?post=111936"}],"version-history":[{"count":0,"href":"https:\/\/linitiative.ca\/International\/wp-json\/wp\/v2\/posts\/111936\/revisions"}],"wp:attachment":[{"href":"https:\/\/linitiative.ca\/International\/wp-json\/wp\/v2\/media?parent=111936"}],"wp:term":[{"taxonomy":"category","embeddable":true,"href":"https:\/\/linitiative.ca\/International\/wp-json\/wp\/v2\/categories?post=111936"},{"taxonomy":"post_tag","embeddable":true,"href":"https:\/\/linitiative.ca\/International\/wp-json\/wp\/v2\/tags?post=111936"}],"curies":[{"name":"wp","href":"https:\/\/api.w.org\/{rel}","templated":true}]}}