{"id":111937,"date":"2021-02-24T05:49:27","date_gmt":"2021-02-24T10:49:27","guid":{"rendered":"https:\/\/linitiative.ca\/International\/ouled-sbeih-suivi-de-letat-davancement-de-loperation-de-melkisation\/"},"modified":"2021-02-24T05:49:27","modified_gmt":"2021-02-24T10:49:27","slug":"ouled-sbeih-suivi-de-letat-davancement-de-loperation-de-melkisation","status":"publish","type":"post","link":"https:\/\/linitiative.ca\/International\/ouled-sbeih-suivi-de-letat-davancement-de-loperation-de-melkisation\/","title":{"rendered":"Ouled Sbeih: Suivi de l\u2019\u00e9tat d\u2019avancement de l\u2019op\u00e9ration de melkisation"},"content":{"rendered":"<p><iframe loading=\"lazy\" width=\"1170\" height=\"658\" src=\"https:\/\/www.youtube.com\/embed\/wR38bioc1-c?feature=oembed\" frameborder=\"0\" allow=\"accelerometer; autoplay; clipboard-write; encrypted-media; gyroscope; picture-in-picture\" allowfullscreen=\"allowfullscreen\">[embedded content]<\/iframe><\/p>\n<div class=\"single-post-excerpt post-excerpt-bc\" readability=\"37\">\n<p>Une d\u00e9l\u00e9gation compos\u00e9e de responsables de l\u2019Agence Millennium Challenge Account (MCA-Maroc) et de l\u2019ambassade des Etats-Unis au Maroc s\u2019est rendue, lundi \u00e0 Ouled Sbeih relevant de la province d\u2019El Kel\u00e2a des Sraghna, pour s\u2019enqu\u00e9rir de l\u2019\u00e9tat d\u2019avancement de la mise en \u0153uvre de l\u2019op\u00e9ration de melkisation de terres collectives situ\u00e9es dans le p\u00e9rim\u00e8tre du Haouz.<\/p>\n<\/div>\n<p>Auteur: Meriem IGASS<br \/>\n<a href=\"http:\/\/www.mapmarrakech.ma\/fr\/ouled-sbeih-suivi-de-letat-davancement-de-loperation-de-melkisation-2\/\">Cliquez ici pour lire l&rsquo;article depuis sa source.<\/a><\/p>\n","protected":false},"excerpt":{"rendered":"<p>[embedded content] Une d\u00e9l\u00e9gation compos\u00e9e de responsables de l\u2019Agence Millennium Challenge Account (MCA-Maroc) et de l\u2019ambassade des Etats-Unis au Maroc s\u2019est rendue, lundi \u00e0 Ouled Sbeih relevant de la province d\u2019El Kel\u00e2a des Sraghna, pour s\u2019enqu\u00e9rir de l\u2019\u00e9tat d\u2019avancement de la mise en \u0153uvre de l\u2019op\u00e9ration de melkisation de terres collectives situ\u00e9es dans le p\u00e9rim\u00e8tre [&hellip;]<\/p>\n","protected":false},"author":1788,"featured_media":0,"comment_status":"closed","ping_status":"closed","sticky":false,"template":"","format":"standard","meta":{"fifu_image_url":"","fifu_image_alt":"","footnotes":""},"categories":[54,76],"tags":[],"class_list":["post-111937","post","type-post","status-publish","format-standard","hentry","category-maroc","category-regions"],"_links":{"self":[{"href":"https:\/\/linitiative.ca\/International\/wp-json\/wp\/v2\/posts\/111937","targetHints":{"allow":["GET"]}}],"collection":[{"href":"https:\/\/linitiative.ca\/International\/wp-json\/wp\/v2\/posts"}],"about":[{"href":"https:\/\/linitiative.ca\/International\/wp-json\/wp\/v2\/types\/post"}],"author":[{"embeddable":true,"href":"https:\/\/linitiative.ca\/International\/wp-json\/wp\/v2\/users\/1788"}],"replies":[{"embeddable":true,"href":"https:\/\/linitiative.ca\/International\/wp-json\/wp\/v2\/comments?post=111937"}],"version-history":[{"count":0,"href":"https:\/\/linitiative.ca\/International\/wp-json\/wp\/v2\/posts\/111937\/revisions"}],"wp:attachment":[{"href":"https:\/\/linitiative.ca\/International\/wp-json\/wp\/v2\/media?parent=111937"}],"wp:term":[{"taxonomy":"category","embeddable":true,"href":"https:\/\/linitiative.ca\/International\/wp-json\/wp\/v2\/categories?post=111937"},{"taxonomy":"post_tag","embeddable":true,"href":"https:\/\/linitiative.ca\/International\/wp-json\/wp\/v2\/tags?post=111937"}],"curies":[{"name":"wp","href":"https:\/\/api.w.org\/{rel}","templated":true}]}}